{"id":1406,"date":"2015-03-26T13:54:38","date_gmt":"2015-03-26T12:54:38","guid":{"rendered":"http:\/\/www.masonmassyjames.it\/blog\/?p=1406"},"modified":"2015-03-26T13:54:38","modified_gmt":"2015-03-26T12:54:38","slug":"di-chi-e-la-colpa","status":"publish","type":"post","link":"https:\/\/www.masonmassyjames.it\/blog\/di-chi-e-la-colpa\/","title":{"rendered":"Di chi \u00e8 la colpa"},"content":{"rendered":"<div class=\"_5pbx userContent\" data-ft=\"{&quot;tn&quot;:&quot;K&quot;}\">\n<h2><em>La riflessione di un amico che voglio condividere con tutti voi.<\/em><\/h2>\n<p><em>Tratto da <a href=\"https:\/\/www.facebook.com\/pages\/Logica-Convenzionalista\/1441740139404069?fref=nf\" target=\"_blank\">LogicaConvenzionalista<\/a><\/em><\/p>\n<p>E&#8217; colpa dei politici che rubano pensando solo ai loro interessi. E&#8217; colpa delle banche usuraie. E&#8217; colpa delle multinazionali che sfruttano i paesi poveri. E&#8217; colpa di chi non si pone il problema di inquinare perch\u00e8 il guadagno immediato da pi\u00f9 potere. Colpa delle religioni che alimentano l&#8217;ignoranza della gente, alimentano il razzismo e la paura per ci\u00f2 che \u00e8 diverso. Colpa della mafia che devasta i territori e le vite degli innocenti perch\u00e8 il senso dello stato e della legalit\u00e0 si \u00e8 perso, se mai c&#8217;\u00e8 &#8220;stato&#8221;. E&#8217; colpa dei poteri occulti, innegabili, che ingolfano la ricerca della verit\u00e0 in tutto il mondo. Colpa di chi fa finta di non sapere cosa vuol dire informare, cambiando il significato delle parole, chiamando una cosa col nome di un&#8217;altra. Colpa di chi lucra sulle guerre fregandosene del vero prezzo, colpa degli immigrati, colpa dei comunisti.<\/p>\n<p>Noi no, non abbiamo colpe, non siamo politici, non siamo ricchi, non siamo potenti, non siamo influenti, altrimenti&#8230;.ALTRIMENTI COSA? <br \/> Abbiamo capito cosa non facciamo con dei mezzi che non abbiamo, ma questo dimostra veramente che se i mezzi ci fossero verrebbero utilizzati per il bene comune? <br \/> Sarebbe interessante vedere cosa effettivamente facciamo (senza il non) con i mezzi che abbiamo, per il bene comune, disinteressato, rivolto a chi \u00e8 pi\u00f9 debole. O anche semplicemente vedere quanto siamo corretti col nostro prossimo.<\/p>\n<p>Il fatto \u00e8 che meno fai per il pi\u00f9 debole e pi\u00f9 sei simile a chi ti schiaccia, magari lo fai per imitazione, quindi in fondo un p\u00f2 te lo meriti.<\/p>\n<p>Se invece tendi a fare qualcosa, non cos\u00ec tanto, ti accorgerai che tra i tuoi detrattori non ci saranno i poteri che combatti perch\u00e8 non ne avranno bisogno, bens\u00ec tutti quelli che non fanno niente&#8230; e si faranno trovare gratis, perch\u00e8 l&#8217;illusione di essere innocenti non ha prezzo.<\/p>\n<p>Accetteranno di sembrare stupidi, di mancare di rispetto anche a un amico, riterranno valide teorie personali basate su dei sentito dire, l&#8217;importante \u00e8 non far sorgere il dubbio che il loro &#8220;non fare&#8221; non sia l&#8217;innocenza di un qualsiasi onesto cittadino che &#8220;se fosse per lui&#8230; ma sai com&#8217;\u00e8, \u00e8 colpa di X in realt\u00e0.&#8221;<br \/> ma sia pi\u00f9 qualcosa del tipo: &#8220;non mi sono informato neanche 5 minuti sull&#8217;argomento, ma sono abbastanza esperto di luoghi comuni da convincerMI che non serva farlo&#8221;.<\/p>\n<p>Quando si parla di controllo mentale della massa si pensa sempre a un tipo di controllo da prendere sotto gamba: &#8220;Per vendermi un prodotto useranno dei bei colori e uno slogan accattivante, d&#8217;altra parte \u00e8 il loro mestiere (giustificare tutto sempre), in televisione ci sono un sacco di stupidaggini, su internet un sacco di bufale ma io sono a posto, ho dei valori sani, so bene qual \u00e8 la realt\u00e0, non sono mica uno psicolabile.&#8221; &#8212;&#8212;&gt; problema risolto.<\/p>\n<p>Peccato che questa convinzione diffusa sia parte fondamentale e integrante del controllo. Chi ne gestisce le dosi trae un enorme vantaggio dal fatto che le sue cavie lo sottovalutino enormemente o addirittura credano che non esista, in realt\u00e0 siamo tutti manipolabili.<\/p>\n<p>Ci hanno riconosciuto le libert\u00e0 solo quando hanno capito come pilotarle.<\/p>\n<p>E&#8217; fondamentale capire che non si pu\u00f2 passare dal sonno della ragione alla veglia totale cos\u00ec, premendo un interruttore. E&#8217; un percorso virtualmente infinito, una strada che si sceglie e si percorre un passo alla volta. <br \/> Per eliminare i conflitti non serve aver raggiunto tutti lo stesso traguardo, serve aver intrapreso la stessa strada.<br \/> Non si pu\u00f2 pensare di essere giunti alla disillusione solo perch\u00e8 si \u00e8 gettata la televisione dalla finestra, il voluto rincretinimento della massa non c&#8217;\u00e8 mai stato fino agli anni 60? prima c&#8217;era la libera informazione?<br \/> Come si fa a sentirsi in pace col mondo quando gi\u00e0 comprare un telefonino ci rende complici di ingiustizie? abusi che non accetteremmo mai se fossero VISIBILI.<\/p>\n<p>Pensaci, informati, parlane con qualcuno, poi pensaci ancora.<\/p>\n<p><a href=\"http:\/\/www.masonmassyjames.it\/blog\/wp-content\/uploads\/2015\/03\/dare-la-colpa.jpg\"><img loading=\"lazy\" decoding=\"async\" class=\"aligncenter size-medium wp-image-1408\" src=\"http:\/\/www.masonmassyjames.it\/blog\/wp-content\/uploads\/2015\/03\/dare-la-colpa-300x212.jpg\" alt=\"dare-la-colpa\" width=\"300\" height=\"212\" srcset=\"https:\/\/www.masonmassyjames.it\/blog\/wp-content\/uploads\/2015\/03\/dare-la-colpa-300x212.jpg 300w, https:\/\/www.masonmassyjames.it\/blog\/wp-content\/uploads\/2015\/03\/dare-la-colpa-347x245.jpg 347w, https:\/\/www.masonmassyjames.it\/blog\/wp-content\/uploads\/2015\/03\/dare-la-colpa.jpg 450w\" sizes=\"auto, (max-width: 300px) 100vw, 300px\" \/><\/a><\/p>\n<\/div>\n","protected":false},"excerpt":{"rendered":"<p>La riflessione di un amico che voglio condividere con tutti voi. Tratto da LogicaConvenzionalista E&#8217; colpa dei politici che rubano pensando solo ai loro interessi. E&#8217; colpa delle banche usuraie. E&#8217; colpa delle multinazionali che sfruttano i paesi poveri. E&#8217; colpa di chi non si pone il problema di inquinare perch\u00e8 il guadagno immediato da [&hellip;]<\/p>\n","protected":false},"author":1,"featured_media":1407,"comment_status":"closed","ping_status":"open","sticky":false,"template":"","format":"standard","meta":{"footnotes":""},"categories":[2],"tags":[230,228,84,229],"class_list":["post-1406","post","type-post","status-publish","format-standard","has-post-thumbnail","hentry","category-attivismo-politca","tag-cambiamento","tag-colpa","tag-manipolazione","tag-politica"],"views":3956,"_links":{"self":[{"href":"https:\/\/www.masonmassyjames.it\/blog\/wp-json\/wp\/v2\/posts\/1406","targetHints":{"allow":["GET"]}}],"collection":[{"href":"https:\/\/www.masonmassyjames.it\/blog\/wp-json\/wp\/v2\/posts"}],"about":[{"href":"https:\/\/www.masonmassyjames.it\/blog\/wp-json\/wp\/v2\/types\/post"}],"author":[{"embeddable":true,"href":"https:\/\/www.masonmassyjames.it\/blog\/wp-json\/wp\/v2\/users\/1"}],"replies":[{"embeddable":true,"href":"https:\/\/www.masonmassyjames.it\/blog\/wp-json\/wp\/v2\/comments?post=1406"}],"version-history":[{"count":2,"href":"https:\/\/www.masonmassyjames.it\/blog\/wp-json\/wp\/v2\/posts\/1406\/revisions"}],"predecessor-version":[{"id":1410,"href":"https:\/\/www.masonmassyjames.it\/blog\/wp-json\/wp\/v2\/posts\/1406\/revisions\/1410"}],"wp:featuredmedia":[{"embeddable":true,"href":"https:\/\/www.masonmassyjames.it\/blog\/wp-json\/wp\/v2\/media\/1407"}],"wp:attachment":[{"href":"https:\/\/www.masonmassyjames.it\/blog\/wp-json\/wp\/v2\/media?parent=1406"}],"wp:term":[{"taxonomy":"category","embeddable":true,"href":"https:\/\/www.masonmassyjames.it\/blog\/wp-json\/wp\/v2\/categories?post=1406"},{"taxonomy":"post_tag","embeddable":true,"href":"https:\/\/www.masonmassyjames.it\/blog\/wp-json\/wp\/v2\/tags?post=1406"}],"curies":[{"name":"wp","href":"https:\/\/api.w.org\/{rel}","templated":true}]}}