{"id":141,"date":"2006-11-27T13:30:50","date_gmt":"2006-11-27T12:30:50","guid":{"rendered":"http:\/\/hopelessnight.wordpress.com\/2006\/11\/27\/esisto"},"modified":"2015-03-06T14:53:23","modified_gmt":"2015-03-06T13:53:23","slug":"esisto","status":"publish","type":"post","link":"https:\/\/www.masonmassyjames.it\/blog\/esisto\/","title":{"rendered":"esisto?"},"content":{"rendered":"<div id=\"msgcns!145FECC6C897A711!1432\" class=\"bvMsg\">\n<div>mi sento d&#8217;affogare nell&#8217;amnesia dei miei ricordi, vacui quanto le nuvole&#8230;<\/div>\n<div>&quot;\u00e8 questa la linea&quot;, mi dico, il mio voler essere, non essere, senza dilemmi per\u00f2, o troppi forse, perch\u00e8 in realt\u00e0 io sono solo al di l\u00e0 dello specchio, il mio &quot;al di qua&quot; non esiste se non nei documenti, nella testa di qualcuno che ha un figlio, un fratello, un amante, uno che conosce, senza nemmeno averlo chiesto esplicitamente.<\/div>\n<div>&quot;cos\u00ec \u00e8 questa la linea?&quot;, mi dico, mi guardo attorno finalmente perso come mi sento, come sono, col fiume che mi trascina e io sono ovunque senza muovermi d&#8217;un millimetro, senza muovermi non sono da nessuna parte&#8230; esisto?<\/div>\n<div>esisto?<\/div>\n<div>esisto?<\/div>\n<div>dico di no. eppure sento freddo&#8230;<\/div>\n<\/div>\n","protected":false},"excerpt":{"rendered":"<p>mi sento d&#8217;affogare nell&#8217;amnesia dei miei ricordi, vacui quanto le nuvole&#8230; &quot;\u00e8 questa la linea&quot;, mi dico, il mio voler essere, non essere, senza dilemmi per\u00f2, o troppi forse, perch\u00e8 in realt\u00e0 io sono solo al di l\u00e0 dello specchio, il mio &quot;al di qua&quot; non esiste se non nei documenti, nella testa di qualcuno [&hellip;]<\/p>\n","protected":false},"author":1,"featured_media":0,"comment_status":"closed","ping_status":"open","sticky":false,"template":"","format":"standard","meta":{"footnotes":""},"categories":[3],"tags":[],"class_list":["post-141","post","type-post","status-publish","format-standard","hentry","category-esalazioni-mentali-senza-valore"],"views":1129,"_links":{"self":[{"href":"https:\/\/www.masonmassyjames.it\/blog\/wp-json\/wp\/v2\/posts\/141","targetHints":{"allow":["GET"]}}],"collection":[{"href":"https:\/\/www.masonmassyjames.it\/blog\/wp-json\/wp\/v2\/posts"}],"about":[{"href":"https:\/\/www.masonmassyjames.it\/blog\/wp-json\/wp\/v2\/types\/post"}],"author":[{"embeddable":true,"href":"https:\/\/www.masonmassyjames.it\/blog\/wp-json\/wp\/v2\/users\/1"}],"replies":[{"embeddable":true,"href":"https:\/\/www.masonmassyjames.it\/blog\/wp-json\/wp\/v2\/comments?post=141"}],"version-history":[{"count":1,"href":"https:\/\/www.masonmassyjames.it\/blog\/wp-json\/wp\/v2\/posts\/141\/revisions"}],"predecessor-version":[{"id":1192,"href":"https:\/\/www.masonmassyjames.it\/blog\/wp-json\/wp\/v2\/posts\/141\/revisions\/1192"}],"wp:attachment":[{"href":"https:\/\/www.masonmassyjames.it\/blog\/wp-json\/wp\/v2\/media?parent=141"}],"wp:term":[{"taxonomy":"category","embeddable":true,"href":"https:\/\/www.masonmassyjames.it\/blog\/wp-json\/wp\/v2\/categories?post=141"},{"taxonomy":"post_tag","embeddable":true,"href":"https:\/\/www.masonmassyjames.it\/blog\/wp-json\/wp\/v2\/tags?post=141"}],"curies":[{"name":"wp","href":"https:\/\/api.w.org\/{rel}","templated":true}]}}