{"id":1515,"date":"2015-06-24T14:55:30","date_gmt":"2015-06-24T12:55:30","guid":{"rendered":"http:\/\/www.masonmassyjames.it\/blog\/?p=1515"},"modified":"2015-06-24T14:55:30","modified_gmt":"2015-06-24T12:55:30","slug":"sul-nazionalismo-e-il-patriottismo","status":"publish","type":"post","link":"https:\/\/www.masonmassyjames.it\/blog\/sul-nazionalismo-e-il-patriottismo\/","title":{"rendered":"Sul nazionalismo e il patriottismo"},"content":{"rendered":"<p>La critica del <strong>nazionalismo e patriottismo<\/strong> ha scatenato molta contestazioni sulla mia pagina facebook. Per questo mi sento di insistere a dire la mia a riguardo.<\/p>\n<p>Il concetto che ci siano linee di confine decise dal potere che delimitano il nostro senso di appartenenza, di difesa ed esaltazione di un territorio \u00e8 sintomo di quanto siamo <strong>succubi<\/strong> della propaganda del potere stesso.<\/p>\n<p><a href=\"http:\/\/www.masonmassyjames.it\/blog\/wp-content\/uploads\/2015\/06\/NAZIONI.jpg\"><img loading=\"lazy\" decoding=\"async\" class=\"aligncenter size-medium wp-image-1516\" src=\"http:\/\/www.masonmassyjames.it\/blog\/wp-content\/uploads\/2015\/06\/NAZIONI-279x300.jpg\" alt=\"NAZIONI\" width=\"279\" height=\"300\" srcset=\"https:\/\/www.masonmassyjames.it\/blog\/wp-content\/uploads\/2015\/06\/NAZIONI-279x300.jpg 279w, https:\/\/www.masonmassyjames.it\/blog\/wp-content\/uploads\/2015\/06\/NAZIONI-456x490.jpg 456w, https:\/\/www.masonmassyjames.it\/blog\/wp-content\/uploads\/2015\/06\/NAZIONI-228x245.jpg 228w, https:\/\/www.masonmassyjames.it\/blog\/wp-content\/uploads\/2015\/06\/NAZIONI.jpg 585w\" sizes=\"auto, (max-width: 279px) 100vw, 279px\" \/><\/a><\/p>\n<p>Il patriottismo eleva qualcosa che in realt\u00e0 <strong>non esiste<\/strong>. <br \/><strong>Delimita<\/strong> un sentimento di amore e rispetto verso gli altri e la terra, escludendo tutto ci\u00f2 che non fa parte di quei limiti. Delimitare un sentimento \u00e8 gi\u00e0 un <strong>atto di violenza<\/strong> ed infatti nazionalismo patriottismo stanno alla base di ci\u00f2 che illude certi uomini di doversi difendere da ci\u00f2 che \u00e8 \u201cstraniero\u201d creando i binari della diffidenza, della competizione, della divisione e della guerra.<\/p>\n<p><a href=\"http:\/\/www.masonmassyjames.it\/blog\/wp-content\/uploads\/2015\/06\/patria-estero-mondo.jpg\"><img loading=\"lazy\" decoding=\"async\" class=\" size-medium wp-image-1517 aligncenter\" src=\"http:\/\/www.masonmassyjames.it\/blog\/wp-content\/uploads\/2015\/06\/patria-estero-mondo-300x169.jpg\" alt=\"patria estero mondo\" width=\"300\" height=\"169\" srcset=\"https:\/\/www.masonmassyjames.it\/blog\/wp-content\/uploads\/2015\/06\/patria-estero-mondo-300x169.jpg 300w, https:\/\/www.masonmassyjames.it\/blog\/wp-content\/uploads\/2015\/06\/patria-estero-mondo-1024x576.jpg 1024w, https:\/\/www.masonmassyjames.it\/blog\/wp-content\/uploads\/2015\/06\/patria-estero-mondo-800x450.jpg 800w, https:\/\/www.masonmassyjames.it\/blog\/wp-content\/uploads\/2015\/06\/patria-estero-mondo-400x225.jpg 400w, https:\/\/www.masonmassyjames.it\/blog\/wp-content\/uploads\/2015\/06\/patria-estero-mondo.jpg 1920w\" sizes=\"auto, (max-width: 300px) 100vw, 300px\" \/><\/a> <a href=\"http:\/\/www.masonmassyjames.it\/blog\/wp-content\/uploads\/2015\/06\/patria-estero.jpg\"><img loading=\"lazy\" decoding=\"async\" class=\" size-medium wp-image-1518 aligncenter\" src=\"http:\/\/www.masonmassyjames.it\/blog\/wp-content\/uploads\/2015\/06\/patria-estero-300x169.jpg\" alt=\"patria estero\" width=\"300\" height=\"169\" srcset=\"https:\/\/www.masonmassyjames.it\/blog\/wp-content\/uploads\/2015\/06\/patria-estero-300x169.jpg 300w, https:\/\/www.masonmassyjames.it\/blog\/wp-content\/uploads\/2015\/06\/patria-estero-1024x576.jpg 1024w, https:\/\/www.masonmassyjames.it\/blog\/wp-content\/uploads\/2015\/06\/patria-estero-800x450.jpg 800w, https:\/\/www.masonmassyjames.it\/blog\/wp-content\/uploads\/2015\/06\/patria-estero-400x225.jpg 400w, https:\/\/www.masonmassyjames.it\/blog\/wp-content\/uploads\/2015\/06\/patria-estero.jpg 1920w\" sizes=\"auto, (max-width: 300px) 100vw, 300px\" \/><\/a><\/p>\n<p>Si tende a identificare la nazione come <strong>parte di se stessi<\/strong> quando in realt\u00e0 la nazione \u00e8 una finzione politico-economica imposta da altri. Questo evidenzia come le persone, perso completamente di vista il proprio ruolo e identit\u00e0 individuale attraverso la <strong>massificazione delle nazioni<\/strong>, hanno bisogno di questo senso di appartenenza fittizio offerto dal potere.<\/p>\n<p>L\u2019uomo mediocre non si pone il dilemma di non avere avuto<strong> alcun ruolo<\/strong> nelle decisioni che hanno reso grandi degli stati o delle persone con la sua stessa nazionalit\u00e0, nemmeno si pone davanti al fatto che la sua nazionalit\u00e0 dipende puramente <strong>dal caso<\/strong>, semplicemente si china e ne <strong>raccoglie i meriti<\/strong> come fossero suoi e li mostra come fossero un trofeo di cui essere orgoglioso in una <strong>illusione dissociativa<\/strong> quasi delirante.<\/p>\n<p>Oggi \u00e8 <strong>l\u2019Italia<\/strong>, domani sar\u00e0 <strong>l\u2019Europa<\/strong>. Confini scritti nel sangue e nelle bugie che masse di uomini continueranno a santificare nel nome di quelle stesse bugie, riempiendo un <strong>vuoto identitario<\/strong> che gli \u00e8 stato sottratto nel tempo dagli stessi poteri che hanno disegnato quelle linee sulla terra.<\/p>\n<p><iframe loading=\"lazy\" title=\"Carlin e le cazzate nazionali\" width=\"500\" height=\"375\" src=\"https:\/\/www.youtube.com\/embed\/CScyBXnqIL4?feature=oembed\" frameborder=\"0\" allow=\"accelerometer; autoplay; clipboard-write; encrypted-media; gyroscope; picture-in-picture; web-share\" referrerpolicy=\"strict-origin-when-cross-origin\" allowfullscreen><\/iframe><\/p>\n<p><iframe loading=\"lazy\" title=\"La Ricerca della Sicurezza\" width=\"500\" height=\"375\" src=\"https:\/\/www.youtube.com\/embed\/YiUGyQu9pbA?feature=oembed\" frameborder=\"0\" allow=\"accelerometer; autoplay; clipboard-write; encrypted-media; gyroscope; picture-in-picture; web-share\" referrerpolicy=\"strict-origin-when-cross-origin\" allowfullscreen><\/iframe><\/p>\n","protected":false},"excerpt":{"rendered":"<p>La critica del nazionalismo e patriottismo ha scatenato molta contestazioni sulla mia pagina facebook. Per questo mi sento di insistere a dire la mia a riguardo. Il concetto che ci siano linee di confine decise dal potere che delimitano il nostro senso di appartenenza, di difesa ed esaltazione di un territorio \u00e8 sintomo di quanto [&hellip;]<\/p>\n","protected":false},"author":1,"featured_media":1516,"comment_status":"closed","ping_status":"open","sticky":false,"template":"","format":"standard","meta":{"footnotes":""},"categories":[2],"tags":[269,270],"class_list":["post-1515","post","type-post","status-publish","format-standard","has-post-thumbnail","hentry","category-attivismo-politca","tag-nazionalismo","tag-patriottismo"],"views":6042,"_links":{"self":[{"href":"https:\/\/www.masonmassyjames.it\/blog\/wp-json\/wp\/v2\/posts\/1515","targetHints":{"allow":["GET"]}}],"collection":[{"href":"https:\/\/www.masonmassyjames.it\/blog\/wp-json\/wp\/v2\/posts"}],"about":[{"href":"https:\/\/www.masonmassyjames.it\/blog\/wp-json\/wp\/v2\/types\/post"}],"author":[{"embeddable":true,"href":"https:\/\/www.masonmassyjames.it\/blog\/wp-json\/wp\/v2\/users\/1"}],"replies":[{"embeddable":true,"href":"https:\/\/www.masonmassyjames.it\/blog\/wp-json\/wp\/v2\/comments?post=1515"}],"version-history":[{"count":1,"href":"https:\/\/www.masonmassyjames.it\/blog\/wp-json\/wp\/v2\/posts\/1515\/revisions"}],"predecessor-version":[{"id":1519,"href":"https:\/\/www.masonmassyjames.it\/blog\/wp-json\/wp\/v2\/posts\/1515\/revisions\/1519"}],"wp:featuredmedia":[{"embeddable":true,"href":"https:\/\/www.masonmassyjames.it\/blog\/wp-json\/wp\/v2\/media\/1516"}],"wp:attachment":[{"href":"https:\/\/www.masonmassyjames.it\/blog\/wp-json\/wp\/v2\/media?parent=1515"}],"wp:term":[{"taxonomy":"category","embeddable":true,"href":"https:\/\/www.masonmassyjames.it\/blog\/wp-json\/wp\/v2\/categories?post=1515"},{"taxonomy":"post_tag","embeddable":true,"href":"https:\/\/www.masonmassyjames.it\/blog\/wp-json\/wp\/v2\/tags?post=1515"}],"curies":[{"name":"wp","href":"https:\/\/api.w.org\/{rel}","templated":true}]}}