{"id":1531,"date":"2015-08-07T16:09:59","date_gmt":"2015-08-07T14:09:59","guid":{"rendered":"http:\/\/www.masonmassyjames.it\/blog\/?p=1531"},"modified":"2015-08-07T16:11:52","modified_gmt":"2015-08-07T14:11:52","slug":"fermiamo-il-pendolo","status":"publish","type":"post","link":"https:\/\/www.masonmassyjames.it\/blog\/fermiamo-il-pendolo\/","title":{"rendered":"Fermiamo il pendolo"},"content":{"rendered":"<p>Neofascismo e neonazismo. Razzismo fatto passare per patriottismo&#8230;<br \/>Un odio e un classismo che riesce a togliersi di dosso la bassezza che rappresenta, l&#8217;avvilimento, la bruttura, la violenza. Anzi, diventa non solo tollerato, non pi\u00f9 solo permesso, ma dovuto, normale, persino eroico. Come?<\/p>\n<p>La storia \u00e8 un pendolo: un movimento oscillatorio, mosso da generazioni differenti che dimenticano quanto la generazione prima ha sofferto e patito, rendendo il terreno fertile a nuove muffe e funghi della societ\u00e0 contro cui la societ\u00e0 stessa gi\u00e0 aveva combattuto e gi\u00e0 aveva vinto.<\/p>\n<p>Fragile memoria e mass media corrotti: uno scenario perfetto perch\u00e9 il pendolo continui ad oscillare, in un senso, poi nell&#8217;altro, dando vita ad un unico meccanismo che \u00e8 quello del potere costituito. Una mafia legalizzata, una corporatocrazia che investe sugli scontri sociali e la divisione tra le persone.<\/p>\n<p>Fermiamo il pendolo, fermiamolo prima che scocchi la nostra mezzanotte. Arrestiamo il meccanismo. Non accettiamo pi\u00f9 passivamente il sorgere ciclico di orrori sociali che ogni volta ci riportano nelle mani degli aguzzini.<br \/> Basta!<\/p>\n<p><iframe loading=\"lazy\" class=\"rep-video-embed\" src=\"http:\/\/video.repubblica.it\/embed\/mondo\/la-presentatrice-contro-i-razzisti-da-social-network-e-ora-di-ribellarsi\/208999\/208111&amp;width=570&amp;height=321\" width=\"570\" height=\"348\" frameborder=\"0\" scrolling=\"no\"><\/iframe><\/p>\n","protected":false},"excerpt":{"rendered":"<p>Neofascismo e neonazismo. Razzismo fatto passare per patriottismo&#8230;Un odio e un classismo che riesce a togliersi di dosso la bassezza che rappresenta, l&#8217;avvilimento, la bruttura, la violenza. Anzi, diventa non solo tollerato, non pi\u00f9 solo permesso, ma dovuto, normale, persino eroico. Come? La storia \u00e8 un pendolo: un movimento oscillatorio, mosso da generazioni differenti che [&hellip;]<\/p>\n","protected":false},"author":1,"featured_media":1533,"comment_status":"closed","ping_status":"open","sticky":false,"template":"","format":"standard","meta":{"footnotes":""},"categories":[2,12],"tags":[276,275,274,273,215,248],"class_list":["post-1531","post","type-post","status-publish","format-standard","has-post-thumbnail","hentry","category-attivismo-politca","category-video","tag-anja-reschke","tag-germania","tag-giornalista","tag-mass-media","tag-potere","tag-razzismo"],"views":2578,"_links":{"self":[{"href":"https:\/\/www.masonmassyjames.it\/blog\/wp-json\/wp\/v2\/posts\/1531","targetHints":{"allow":["GET"]}}],"collection":[{"href":"https:\/\/www.masonmassyjames.it\/blog\/wp-json\/wp\/v2\/posts"}],"about":[{"href":"https:\/\/www.masonmassyjames.it\/blog\/wp-json\/wp\/v2\/types\/post"}],"author":[{"embeddable":true,"href":"https:\/\/www.masonmassyjames.it\/blog\/wp-json\/wp\/v2\/users\/1"}],"replies":[{"embeddable":true,"href":"https:\/\/www.masonmassyjames.it\/blog\/wp-json\/wp\/v2\/comments?post=1531"}],"version-history":[{"count":3,"href":"https:\/\/www.masonmassyjames.it\/blog\/wp-json\/wp\/v2\/posts\/1531\/revisions"}],"predecessor-version":[{"id":1535,"href":"https:\/\/www.masonmassyjames.it\/blog\/wp-json\/wp\/v2\/posts\/1531\/revisions\/1535"}],"wp:featuredmedia":[{"embeddable":true,"href":"https:\/\/www.masonmassyjames.it\/blog\/wp-json\/wp\/v2\/media\/1533"}],"wp:attachment":[{"href":"https:\/\/www.masonmassyjames.it\/blog\/wp-json\/wp\/v2\/media?parent=1531"}],"wp:term":[{"taxonomy":"category","embeddable":true,"href":"https:\/\/www.masonmassyjames.it\/blog\/wp-json\/wp\/v2\/categories?post=1531"},{"taxonomy":"post_tag","embeddable":true,"href":"https:\/\/www.masonmassyjames.it\/blog\/wp-json\/wp\/v2\/tags?post=1531"}],"curies":[{"name":"wp","href":"https:\/\/api.w.org\/{rel}","templated":true}]}}