{"id":1726,"date":"2016-01-13T18:53:00","date_gmt":"2016-01-13T17:53:00","guid":{"rendered":"http:\/\/www.masonmassyjames.it\/blog\/?p=1726"},"modified":"2016-12-16T15:26:59","modified_gmt":"2016-12-16T14:26:59","slug":"ce-ancora-davvero-bisogno-dellantirazzismo","status":"publish","type":"post","link":"https:\/\/www.masonmassyjames.it\/blog\/ce-ancora-davvero-bisogno-dellantirazzismo\/","title":{"rendered":"C&#8217;\u00e8 ancora davvero bisogno dell&#8217;antirazzismo? [video]"},"content":{"rendered":"<p><a href=\"http:\/\/www.masonmassyjames.it\/blog\/wp-content\/uploads\/2016\/01\/Bambino_emarginato.jpg\"><img loading=\"lazy\" decoding=\"async\" class=\"alignright wp-image-1731\" src=\"http:\/\/www.masonmassyjames.it\/blog\/wp-content\/uploads\/2016\/01\/Bambino_emarginato.jpg\" alt=\"Bambino_emarginato\" width=\"198\" height=\"150\" \/><\/a>Come vivreste la vostra vita crescendo con l\u2019idea pi\u00f9 o meno inconscia di essere brutti, cattivi, stupidi, poco affidabili, gli ultimi?<br \/>\n<strong>Non sarebbe uno dei peggiori incubi possibili?<\/strong> Non sarebbe un problema tale da condizionare profondamente la vostra vita, come vedete voi stessi e i rapporti con gli altri?<br \/>\n I crimini, i comportamenti antisociali in genere, sono in gran parte figli proprio di una <strong>distorsione della visione<\/strong> che si ha di se stessi all\u2019interno della societ\u00e0.<br \/>\n Un individuo che si sente automaticamente inferiore o cattivo \u00e8 una sconfitta della societ\u00e0 intera.<br \/>\n Ecco perch\u00e9 bisogna <strong>combattere<\/strong>\u00a0i meccanismi che generano\u00a0questi problemi. Uno di questi \u00e8 proprio il razzismo.<\/p>\n<p> Viviamo in un\u2019epoca in cui, forse perch\u00e9 le diamo per scontate, forse perch\u00e9 siamo soggetti ad un\u2019inversione di marcia molto pericolosa, o forse per entrambe le cose, le <strong>battaglie sociali<\/strong> che sono state vinte in passato e hanno cercato di dare uguaglianza di diritti a tutte le persone a prescindere da sesso, razza o religione, sono\u00a0di nuovo <strong>messe in discussione<\/strong> con un nichilismo e una superficialit\u00e0 disarmante, pericolosa.<\/p>\n<p> <a href=\"http:\/\/www.masonmassyjames.it\/blog\/wp-content\/uploads\/2016\/01\/Clark-Doll-Test-2.jpg\"><img loading=\"lazy\" decoding=\"async\" class=\"alignleft wp-image-1730\" src=\"http:\/\/www.masonmassyjames.it\/blog\/wp-content\/uploads\/2016\/01\/Clark-Doll-Test-2-289x300.jpg\" alt=\"Clark Doll Test 2\" width=\"208\" height=\"216\" srcset=\"https:\/\/www.masonmassyjames.it\/blog\/wp-content\/uploads\/2016\/01\/Clark-Doll-Test-2-289x300.jpg 289w, https:\/\/www.masonmassyjames.it\/blog\/wp-content\/uploads\/2016\/01\/Clark-Doll-Test-2-236x245.jpg 236w, https:\/\/www.masonmassyjames.it\/blog\/wp-content\/uploads\/2016\/01\/Clark-Doll-Test-2.jpg 300w\" sizes=\"auto, (max-width: 208px) 100vw, 208px\" \/><\/a>Nel 1954, il dr. <strong>Kenneth Clark<\/strong> condusse un test chiamato \u201c<strong>test della bambola<\/strong>\u201d che consisteva nel mettere dei bambini di fronte a due bambole, una di carnagione <strong>chiara<\/strong> e una di carnagione <strong>scura<\/strong>, ponendogli varie domande. Il test dimostr\u00f2 che avere la pelle nera, a causa dei condizionamenti della societ\u00e0, sviluppa nelle persone di colore <strong>un senso di inferiorit\u00e0<\/strong>. <br \/>\nQuesto si potrebbe ritenere\u00a0quasi scontato in quell\u2019epoca, ma l\u2019esperimento \u00e8 stato ripetuto molte volte, anche recentemente, dando sempre<strong> gli stessi risultati<\/strong>.<\/p>\n<p> <a href=\"http:\/\/www.masonmassyjames.it\/blog\/wp-content\/uploads\/2016\/01\/6a7ba9498d03b27050e8a3b079aece23.jpg\"><img loading=\"lazy\" decoding=\"async\" class=\"alignright wp-image-1727\" src=\"http:\/\/www.masonmassyjames.it\/blog\/wp-content\/uploads\/2016\/01\/6a7ba9498d03b27050e8a3b079aece23-300x243.jpg\" alt=\"6a7ba9498d03b27050e8a3b079aece23\" width=\"240\" height=\"194\" srcset=\"https:\/\/www.masonmassyjames.it\/blog\/wp-content\/uploads\/2016\/01\/6a7ba9498d03b27050e8a3b079aece23-300x243.jpg 300w, https:\/\/www.masonmassyjames.it\/blog\/wp-content\/uploads\/2016\/01\/6a7ba9498d03b27050e8a3b079aece23-302x245.jpg 302w, https:\/\/www.masonmassyjames.it\/blog\/wp-content\/uploads\/2016\/01\/6a7ba9498d03b27050e8a3b079aece23.jpg 488w\" sizes=\"auto, (max-width: 240px) 100vw, 240px\" \/><\/a>Questo \u00e8 il risultato\u00a0di <strong>secoli di colonizzazione culturale<\/strong> che il dominatore bianco occidentale ha imposto alle persone di colore e che ancora oggi d\u00e0 i suoi pericolosissimi frutti.<br \/>\n In un momento storico in cui si parla molto di <strong>immigrazione<\/strong> e soprattutto ci si trova davanti a persone che affermano che razzismo e antirazzismo sono <strong>la stessa cosa<\/strong>, distruggendo con un relativismo criminale centinaia di anni di lotta sociale, poniamoci davanti al video che linker\u00f2 pi\u00f9 avanti e <strong>riflettiamoci un po\u2019 su<\/strong>.<\/p>\n<p>Il vedere un <strong>bambino di colore<\/strong> che indica la\u00a0bambola nera quando gli viene chiesto di dire quale sia la\u00a0pi\u00f9 brutta, pi\u00f9 stupida, pi\u00f9 cattiva, e poi indicare la stessa\u00a0quando gli viene chiesto: \u201c<strong>e tu a chi assomigli delle due?<\/strong>\u201d, credo debba darci un forte scossone e ricordarci quanta strada c\u2019\u00e8 ancora da fare per <strong>risanare una societ\u00e0 resa instabile dalla volont\u00e0 di alcuni uomini di soggiogarne altri<\/strong>.<\/p>\n<p><iframe loading=\"lazy\" width=\"560\" height=\"315\" src=\"https:\/\/www.youtube.com\/embed\/tkpUyB2xgTM\" frameborder=\"0\" allowfullscreen><\/iframe><\/p>\n","protected":false},"excerpt":{"rendered":"<p>Come vivreste la vostra vita crescendo con l\u2019idea pi\u00f9 o meno inconscia di essere brutti, cattivi, stupidi, poco affidabili, gli ultimi? Non sarebbe uno dei peggiori incubi possibili? Non sarebbe un problema tale da condizionare profondamente la vostra vita, come vedete voi stessi e i rapporti con gli altri? I crimini, i comportamenti antisociali in [&hellip;]<\/p>\n","protected":false},"author":1,"featured_media":1729,"comment_status":"closed","ping_status":"open","sticky":false,"template":"","format":"standard","meta":{"footnotes":""},"categories":[2],"tags":[407,226,405,268,406,404,248,123],"class_list":["post-1726","post","type-post","status-publish","format-standard","has-post-thumbnail","hentry","category-attivismo-politca","tag-antirazzismo","tag-bambini","tag-doll-test","tag-immigrazione","tag-kenneth-clark","tag-psicologia","tag-razzismo","tag-test"],"views":4319,"_links":{"self":[{"href":"https:\/\/www.masonmassyjames.it\/blog\/wp-json\/wp\/v2\/posts\/1726","targetHints":{"allow":["GET"]}}],"collection":[{"href":"https:\/\/www.masonmassyjames.it\/blog\/wp-json\/wp\/v2\/posts"}],"about":[{"href":"https:\/\/www.masonmassyjames.it\/blog\/wp-json\/wp\/v2\/types\/post"}],"author":[{"embeddable":true,"href":"https:\/\/www.masonmassyjames.it\/blog\/wp-json\/wp\/v2\/users\/1"}],"replies":[{"embeddable":true,"href":"https:\/\/www.masonmassyjames.it\/blog\/wp-json\/wp\/v2\/comments?post=1726"}],"version-history":[{"count":6,"href":"https:\/\/www.masonmassyjames.it\/blog\/wp-json\/wp\/v2\/posts\/1726\/revisions"}],"predecessor-version":[{"id":1945,"href":"https:\/\/www.masonmassyjames.it\/blog\/wp-json\/wp\/v2\/posts\/1726\/revisions\/1945"}],"wp:featuredmedia":[{"embeddable":true,"href":"https:\/\/www.masonmassyjames.it\/blog\/wp-json\/wp\/v2\/media\/1729"}],"wp:attachment":[{"href":"https:\/\/www.masonmassyjames.it\/blog\/wp-json\/wp\/v2\/media?parent=1726"}],"wp:term":[{"taxonomy":"category","embeddable":true,"href":"https:\/\/www.masonmassyjames.it\/blog\/wp-json\/wp\/v2\/categories?post=1726"},{"taxonomy":"post_tag","embeddable":true,"href":"https:\/\/www.masonmassyjames.it\/blog\/wp-json\/wp\/v2\/tags?post=1726"}],"curies":[{"name":"wp","href":"https:\/\/api.w.org\/{rel}","templated":true}]}}