{"id":1776,"date":"2016-02-20T12:11:50","date_gmt":"2016-02-20T11:11:50","guid":{"rendered":"http:\/\/www.masonmassyjames.it\/blog\/?p=1776"},"modified":"2016-12-25T12:42:29","modified_gmt":"2016-12-25T11:42:29","slug":"w-cristo-re","status":"publish","type":"post","link":"https:\/\/www.masonmassyjames.it\/blog\/w-cristo-re\/","title":{"rendered":"W Cristo Re!"},"content":{"rendered":"<p>\u201cW CRISTO RE!\u201d<\/p>\n<p>Cos\u00ec concludeva un suo commento uno degli utenti youtube che mi hanno invaso il canale in questi giorni.<br \/>\n&#8220;Cristo Re&#8221;\u2026 Mi ha fatto riflettere un po\u2019.<\/p>\n<p><a href=\"http:\/\/www.masonmassyjames.it\/blog\/wp-content\/uploads\/2016\/02\/christking.jpg\" rel=\"attachment wp-att-1777\"><img loading=\"lazy\" decoding=\"async\" class=\"aligncenter size-medium wp-image-1777\" src=\"http:\/\/www.masonmassyjames.it\/blog\/wp-content\/uploads\/2016\/02\/christking-189x300.jpg\" alt=\"christking\" width=\"189\" height=\"300\" srcset=\"https:\/\/www.masonmassyjames.it\/blog\/wp-content\/uploads\/2016\/02\/christking-189x300.jpg 189w, https:\/\/www.masonmassyjames.it\/blog\/wp-content\/uploads\/2016\/02\/christking-768x1219.jpg 768w, https:\/\/www.masonmassyjames.it\/blog\/wp-content\/uploads\/2016\/02\/christking-645x1024.jpg 645w, https:\/\/www.masonmassyjames.it\/blog\/wp-content\/uploads\/2016\/02\/christking-309x490.jpg 309w, https:\/\/www.masonmassyjames.it\/blog\/wp-content\/uploads\/2016\/02\/christking-154x245.jpg 154w, https:\/\/www.masonmassyjames.it\/blog\/wp-content\/uploads\/2016\/02\/christking.jpg 806w\" sizes=\"auto, (max-width: 189px) 100vw, 189px\" \/><\/a><span class=\"text_exposed_show\"><br \/>\nA parte il fatto che il potere temporale di Cristo avrebbe avuto un senso solo nell\u2019ottica ebraica, in quanto, se la linea di sangue con il re Davide si fosse rivelata vera, lui sarebbe stato il loro messia, il VERO Re d\u2019Israele, Il Re dei Giudei, il re dei re (d\u2019Israele). Cosa che poi gli ebrei hanno disconosciuto e quindi per loro Ges\u00f9 \u00e8 un falso messia. Quindi c\u2019\u00e8 rimasto sul groppone a noi (e un po&#8217; agli islamici).<\/p>\n<p>Fu Pio IX negli anni 20 del Novecento che introdusse la festa del Cristo Re e afferm\u00f2 che il ministero di Cristo non \u00e8 solo spirituale, ma anche temporale. Nelle sue parole: \u00abD&#8217;altra parte sbaglierebbe gravemente chi togliesse a Cristo Uomo il potere su tutte le cose temporali, dato che Egli ha ricevuto dal Padre un diritto assoluto su tutte le cose create, in modo che tutto soggiaccia al suo arbitrio.\u00bb<br \/>\nOvviamente quando si parla di \u201cPadre\u201d ci si riferisce a Yahweh, quello che conduceva il popolo ebraico in stermini, razzie, genocidi e puniva a cuor leggero con la morte chiunque non gli andasse a genio. Ricordiamocelo ogni volta perch\u00e9 ai Cristiani sfugge. Quindi, \u201cIn modo che tutto soggiaccia al suo arbitrio\u201d: parliamo dell\u2019arbitrio di quel Dio l\u00ec.<\/p>\n<p>Sempre Pio IX, per invogliare tutti ad indire quella festa, invi\u00f2 una supplica con queste parole: \u00abPer riparare gli oltraggi fatti a Ges\u00f9 Cristo dall&#8217;ateismo ufficiale, la Santa Chiesa si degni stabilire una festa liturgica che, sotto un titolo da essa definito, proclami solennemente i sovrani diritti della persona regale di Ges\u00f9 Cristo, che vive nell&#8217;Eucaristia e regna, col Suo Sacro Cuore, nella societ\u00e0\u00bb. <\/p>\n<p>\u201cI sovrani diritti\u201d\u2026 In soldoni, con questa festa, si volle sancire simbolicamente il potere temporale di Cristo sulle leggi dell\u2019uomo, nonostante l\u2019attributo di re (politico) fosse prettamente ebraico (e per\u00f2 mai conferito) e soprattutto in barba alle presunte parole di Ges\u00f9 contenute nella bibbia \u00abIl mio regno non \u00e8 di questo mondo; se il mio regno fosse di questo mondo, i miei servitori combatterebbero perch\u00e9 io non fossi dato nelle mani dei Giudei; ma ora il mio regno non \u00e8 di qui.\u00bb <br \/>\nHo usato il termine &#8220;presunte&#8221; perch\u00e9 ovviamente nessuno pu\u00f2 dire che quelle parole siano state davvero riferite, anzi, molto probabilmente sono state inventate e decise a tavolino molto tempo dopo o magari tradotte male come gran parte del resto del testo, ma qui stiamo parlando di persone e istituzioni che dovrebbero credere in quelle parole quindi &#8220;carta canta&#8221;.<\/p>\n<p>Insomma, come al solito, siamo di fronte al classico \u201cvale tutto\u201d del vaticano che decide, riscrive, censura, santifica, maledice e benedice a suo piacimento anche completamente in antitesi ai libri su cui si dovrebbe basare (e che nessuno legge).<br \/>\nQuello che mi lascia perplesso, per\u00f2, rimane l\u2019epiteto in s\u00e9: Re. Cristo Re.<\/p>\n<p>Non so se esista una locuzione altrettanto breve e altrettanto potente nel descrivere l\u2019atto di sottomissione e prostrazione forse pi\u00f9 totale e disperato che un essere umano possa concepire.<br \/>\nNon abbiamo solo la classica svendita spirituale e intellettuale dell\u2019atto di fede verso il personaggio religioso, dovuta alla psicosi della non accettazione della morte e paura dell\u2019ignoto (accoppiata anche ad una propaganda sistematica e capillare), ma insieme vi troviamo anche la genuflessione fisica, morale, sociale. Non basta quindi abbandonarsi all\u2019accettazione di una verit\u00e0 imposta e non discutibile a livello spirituale: si aggiunge anche la volont\u00e0 esplicita d\u2019essere comandati qui, ora, nelle azioni, da un re, da un comandante temporale che imponga, controlli, punisca, dia ordini. Un re eterno, indiscutibile, per forza di cose giusto e onnipotente.<\/p>\n<p>Esiste una forma pi\u00f9 completa e aberrante di sottomissione all\u2019autorit\u00e0?<\/span><\/p>\n","protected":false},"excerpt":{"rendered":"<p>\u201cW CRISTO RE!\u201d Cos\u00ec concludeva un suo commento uno degli utenti youtube che mi hanno invaso il canale in questi giorni. &#8220;Cristo Re&#8221;\u2026 Mi ha fatto riflettere un po\u2019. A parte il fatto che il potere temporale di Cristo avrebbe avuto un senso solo nell\u2019ottica ebraica, in quanto, se la linea di sangue con il [&hellip;]<\/p>\n","protected":false},"author":1,"featured_media":1777,"comment_status":"closed","ping_status":"open","sticky":false,"template":"","format":"standard","meta":{"footnotes":""},"categories":[2],"tags":[429,428,21,365,245,233,77,426,171,427],"class_list":["post-1776","post","type-post","status-publish","format-standard","has-post-thumbnail","hentry","category-attivismo-politca","tag-agnosticismo","tag-agnostico","tag-anarchia","tag-ateismo","tag-autorita","tag-cristo","tag-liberta","tag-re","tag-religione","tag-teismo"],"views":5369,"_links":{"self":[{"href":"https:\/\/www.masonmassyjames.it\/blog\/wp-json\/wp\/v2\/posts\/1776","targetHints":{"allow":["GET"]}}],"collection":[{"href":"https:\/\/www.masonmassyjames.it\/blog\/wp-json\/wp\/v2\/posts"}],"about":[{"href":"https:\/\/www.masonmassyjames.it\/blog\/wp-json\/wp\/v2\/types\/post"}],"author":[{"embeddable":true,"href":"https:\/\/www.masonmassyjames.it\/blog\/wp-json\/wp\/v2\/users\/1"}],"replies":[{"embeddable":true,"href":"https:\/\/www.masonmassyjames.it\/blog\/wp-json\/wp\/v2\/comments?post=1776"}],"version-history":[{"count":3,"href":"https:\/\/www.masonmassyjames.it\/blog\/wp-json\/wp\/v2\/posts\/1776\/revisions"}],"predecessor-version":[{"id":1947,"href":"https:\/\/www.masonmassyjames.it\/blog\/wp-json\/wp\/v2\/posts\/1776\/revisions\/1947"}],"wp:featuredmedia":[{"embeddable":true,"href":"https:\/\/www.masonmassyjames.it\/blog\/wp-json\/wp\/v2\/media\/1777"}],"wp:attachment":[{"href":"https:\/\/www.masonmassyjames.it\/blog\/wp-json\/wp\/v2\/media?parent=1776"}],"wp:term":[{"taxonomy":"category","embeddable":true,"href":"https:\/\/www.masonmassyjames.it\/blog\/wp-json\/wp\/v2\/categories?post=1776"},{"taxonomy":"post_tag","embeddable":true,"href":"https:\/\/www.masonmassyjames.it\/blog\/wp-json\/wp\/v2\/tags?post=1776"}],"curies":[{"name":"wp","href":"https:\/\/api.w.org\/{rel}","templated":true}]}}