{"id":1795,"date":"2016-03-24T16:14:43","date_gmt":"2016-03-24T15:14:43","guid":{"rendered":"http:\/\/www.masonmassyjames.it\/blog\/?p=1795"},"modified":"2016-03-24T16:14:43","modified_gmt":"2016-03-24T15:14:43","slug":"il-parlamentare-5-stelle-e-io-accetto","status":"publish","type":"post","link":"https:\/\/www.masonmassyjames.it\/blog\/il-parlamentare-5-stelle-e-io-accetto\/","title":{"rendered":"Il parlamentare 5 Stelle e &#8220;Io Accetto&#8221;"},"content":{"rendered":"<p>Lo scorso 17 Marzo, l&#8217;onorevole Manlio Di Stefano del Movimento 5 stelle, Capogruppo M5S della III Commissione Affari Esteri e Comunitari, Membro della delegazione italiana del Consiglio d&#8217;Europa, ha pubblicato sulla sua pagina facebook il video realizzato da me e Chiara Lyn: &#8220;Io Accetto&#8221; visibile a questo indirizzo <a href=\"https:\/\/youtu.be\/UA5jYUT_MEo\" target=\"_blank\" data-lynx-uri=\"https:\/\/l.facebook.com\/?u=https%3A%2F%2Fyoutu.be%2FUA5jYUT_MEo&amp;e=ATO38ZrFfRGmbdANb5jaxazRGQuc8AqDTx2kJnIDGwCtWmJp5o0JiaYrB--hGA\">https:\/\/youtu.be\/UA5jYUT_MEo<\/a> (il video che anche Adam Kadmon ci aveva scopiazzato mettendolo in onda su italia uno a Mistero).<br \/>Non ci siamo fatti scappare l&#8217;occasione per commentare il post e dire quello che pensavamo in merito&#8230; Non ottenendo risposta alcuna.<br \/>Per praticit\u00e0 e per facilitarne la lettura copio e incollo qui il nostro commento.<\/p>\n<p>&#8220;Salve, signor Manlio Di Stefano &#8211; M5S. Sono uno dei due autori del video che ha pubblicato.<br \/>Da dove posso cominciare&#8230;? Vede, quello che spinge gente come me a creare video come questi \u00e8 proprio l&#8217;esistenza di luoghi di finta discussione dove lei siede e presta servizio in nome di un presunto diritto di rappresentanza, derivato da quell&#8217;inganno chiamato democrazia, che altro non \u00e8 che una dittatura della maggioranza nel migliore dei casi, un paravento mediatico per gli affari lobbistici nel peggiore.<br \/>Quando io ero pi\u00f9 ingenuo e quando il movimento 5 stelle non aveva ancora manifestato il progetto di vendersi alla finzione politica, io ero nelle piazze con voi, nei luoghi e nel momento in cui sembrava si potessero davvero cambiare le cose. Ho visto il mutamento di quello che rappresenta il vostro \u201cmovimento\u201d sotto il mio naso e la delusione fu pesante agli occhi di chi, gi\u00e0 allora, produceva video come questi.<br \/>Se all\u2019inizio il \u201cmovimento\u201d poteva sembrare un vero contenitore di un grido popolare dal basso, adesso \u00e8 palese per chiunque che non c\u2019\u00e8 pi\u00f9 alcuna distanza tra voi e il gioco delle tre carte che si svolge ogni singolo giorno nei vari palazzi del potere, non perch\u00e9 io abbia una radiografia dettagliata del \u201ccorpo\u201d del movimento, ma perch\u00e9 \u00e8 storicamente fisiologico che quando una qualunque forza extraparlamentare, anche di ampie e lungimiranti vedute progressiste, entri nei gangli del sistema politico finisca per camminare guardando i propri piedi nella palude istituzionale, perdendo di vista l\u2019orizzonte e trasformando tutta la sua lotta in un mero calcolo statistico, inseguendo coalizioni, apprezzamenti e inutili battaglie burocratiche, anche nonostante la buona volont\u00e0 dei singoli all\u2019interno.<br \/>Proprio per questo le dico che le istituzioni di cui lei crede di servirsi per dare una vita migliore alle persone, si servono di lei per continuare ad esistere e sopravvivere, proprio grazie ai crismi che questo video denuncia: vivono di produttivismo, saccheggio delle risorse, servit\u00f9 del lavoro, dominio su cose, persone, animali. Nessuna legge pu\u00f2 determinare un cambiamento su ci\u00f2 che, a norma di legge, questa civilt\u00e0 sta facendo a tutti noi. Anzi, sono i poteri che vivono di questi crimini che si servono della legge per attuarli, mai \u00e8 stato il contrario.<br \/>Il fatto \u00e8 che da quegli scranni su cui siede, dei problemi che questo video denuncia, nemmeno ne sentite l\u2019odore.<br \/>Il punto \u00e8 che vedere questo video e i suoi contenuti pubblicati da qualcuno che sorride sotto l\u2019effige delle nazioni unite ha qualcosa di tremendamente osceno.<br \/>Se davvero certe tematiche le stanno a cuore, si chieda con coraggio ed onest\u00e0 quale sia il suo effettivo contributo in tutto questo, da essere umano prima che da qualunque altro ruolo questa societ\u00e0 le abbia cucito addosso.<br \/>Se ne vorr\u00e0 parlare, anche in privato, io sono disponibile e cos\u00ec lo \u00e8 anche la co-autrice del video che condivide con me queste parole.&#8221;<\/p>\n<p><a href=\"http:\/\/www.masonmassyjames.it\/blog\/wp-content\/uploads\/2016\/03\/manlio1.jpg\" rel=\"attachment wp-att-1798\"><img loading=\"lazy\" decoding=\"async\" class=\"aligncenter size-medium wp-image-1798\" src=\"http:\/\/www.masonmassyjames.it\/blog\/wp-content\/uploads\/2016\/03\/manlio1-300x250.jpg\" alt=\"manlio1\" width=\"300\" height=\"250\" srcset=\"https:\/\/www.masonmassyjames.it\/blog\/wp-content\/uploads\/2016\/03\/manlio1-300x250.jpg 300w, https:\/\/www.masonmassyjames.it\/blog\/wp-content\/uploads\/2016\/03\/manlio1-768x640.jpg 768w, https:\/\/www.masonmassyjames.it\/blog\/wp-content\/uploads\/2016\/03\/manlio1-588x490.jpg 588w, https:\/\/www.masonmassyjames.it\/blog\/wp-content\/uploads\/2016\/03\/manlio1-294x245.jpg 294w, https:\/\/www.masonmassyjames.it\/blog\/wp-content\/uploads\/2016\/03\/manlio1.jpg 844w\" sizes=\"auto, (max-width: 300px) 100vw, 300px\" \/><img loading=\"lazy\" decoding=\"async\" class=\"aligncenter size-medium wp-image-1797\" src=\"http:\/\/www.masonmassyjames.it\/blog\/wp-content\/uploads\/2016\/03\/manlio2-300x208.jpg\" alt=\"manlio2\" width=\"300\" height=\"208\" srcset=\"https:\/\/www.masonmassyjames.it\/blog\/wp-content\/uploads\/2016\/03\/manlio2-300x208.jpg 300w, https:\/\/www.masonmassyjames.it\/blog\/wp-content\/uploads\/2016\/03\/manlio2-768x533.jpg 768w, https:\/\/www.masonmassyjames.it\/blog\/wp-content\/uploads\/2016\/03\/manlio2-706x490.jpg 706w, https:\/\/www.masonmassyjames.it\/blog\/wp-content\/uploads\/2016\/03\/manlio2-353x245.jpg 353w, https:\/\/www.masonmassyjames.it\/blog\/wp-content\/uploads\/2016\/03\/manlio2.jpg 827w\" sizes=\"auto, (max-width: 300px) 100vw, 300px\" \/><\/a><a href=\"http:\/\/www.masonmassyjames.it\/blog\/wp-content\/uploads\/2016\/03\/manlio-3.jpg\" rel=\"attachment wp-att-1796\"><img loading=\"lazy\" decoding=\"async\" class=\"aligncenter size-medium wp-image-1796\" src=\"http:\/\/www.masonmassyjames.it\/blog\/wp-content\/uploads\/2016\/03\/manlio-3-300x300.jpg\" alt=\"manlio 3\" width=\"300\" height=\"300\" srcset=\"https:\/\/www.masonmassyjames.it\/blog\/wp-content\/uploads\/2016\/03\/manlio-3-300x300.jpg 300w, https:\/\/www.masonmassyjames.it\/blog\/wp-content\/uploads\/2016\/03\/manlio-3-150x150.jpg 150w, https:\/\/www.masonmassyjames.it\/blog\/wp-content\/uploads\/2016\/03\/manlio-3-768x768.jpg 768w, https:\/\/www.masonmassyjames.it\/blog\/wp-content\/uploads\/2016\/03\/manlio-3-490x490.jpg 490w, https:\/\/www.masonmassyjames.it\/blog\/wp-content\/uploads\/2016\/03\/manlio-3-245x245.jpg 245w, https:\/\/www.masonmassyjames.it\/blog\/wp-content\/uploads\/2016\/03\/manlio-3.jpg 960w\" sizes=\"auto, (max-width: 300px) 100vw, 300px\" \/><\/a><\/p>\n","protected":false},"excerpt":{"rendered":"<p>Lo scorso 17 Marzo, l&#8217;onorevole Manlio Di Stefano del Movimento 5 stelle, Capogruppo M5S della III Commissione Affari Esteri e Comunitari, Membro della delegazione italiana del Consiglio d&#8217;Europa, ha pubblicato sulla sua pagina facebook il video realizzato da me e Chiara Lyn: &#8220;Io Accetto&#8221; visibile a questo indirizzo https:\/\/youtu.be\/UA5jYUT_MEo (il video che anche Adam Kadmon [&hellip;]<\/p>\n","protected":false},"author":1,"featured_media":1798,"comment_status":"closed","ping_status":"open","sticky":false,"template":"","format":"standard","meta":{"footnotes":""},"categories":[2],"tags":[265,280,436,266,434,86,435],"class_list":["post-1795","post","type-post","status-publish","format-standard","has-post-thumbnail","hentry","category-attivismo-politca","tag-5-stelle","tag-chiara-lyn","tag-io-accetto","tag-m5s","tag-manlio-di-stefano","tag-mason-massy-james","tag-movimento-5-stelle"],"views":5639,"_links":{"self":[{"href":"https:\/\/www.masonmassyjames.it\/blog\/wp-json\/wp\/v2\/posts\/1795","targetHints":{"allow":["GET"]}}],"collection":[{"href":"https:\/\/www.masonmassyjames.it\/blog\/wp-json\/wp\/v2\/posts"}],"about":[{"href":"https:\/\/www.masonmassyjames.it\/blog\/wp-json\/wp\/v2\/types\/post"}],"author":[{"embeddable":true,"href":"https:\/\/www.masonmassyjames.it\/blog\/wp-json\/wp\/v2\/users\/1"}],"replies":[{"embeddable":true,"href":"https:\/\/www.masonmassyjames.it\/blog\/wp-json\/wp\/v2\/comments?post=1795"}],"version-history":[{"count":2,"href":"https:\/\/www.masonmassyjames.it\/blog\/wp-json\/wp\/v2\/posts\/1795\/revisions"}],"predecessor-version":[{"id":1800,"href":"https:\/\/www.masonmassyjames.it\/blog\/wp-json\/wp\/v2\/posts\/1795\/revisions\/1800"}],"wp:featuredmedia":[{"embeddable":true,"href":"https:\/\/www.masonmassyjames.it\/blog\/wp-json\/wp\/v2\/media\/1798"}],"wp:attachment":[{"href":"https:\/\/www.masonmassyjames.it\/blog\/wp-json\/wp\/v2\/media?parent=1795"}],"wp:term":[{"taxonomy":"category","embeddable":true,"href":"https:\/\/www.masonmassyjames.it\/blog\/wp-json\/wp\/v2\/categories?post=1795"},{"taxonomy":"post_tag","embeddable":true,"href":"https:\/\/www.masonmassyjames.it\/blog\/wp-json\/wp\/v2\/tags?post=1795"}],"curies":[{"name":"wp","href":"https:\/\/api.w.org\/{rel}","templated":true}]}}