{"id":1894,"date":"2016-10-30T17:13:37","date_gmt":"2016-10-30T16:13:37","guid":{"rendered":"http:\/\/www.masonmassyjames.it\/blog\/?p=1894"},"modified":"2016-10-30T17:19:06","modified_gmt":"2016-10-30T16:19:06","slug":"terremoti-la-magnitudo-e-stata-abbassata","status":"publish","type":"post","link":"https:\/\/www.masonmassyjames.it\/blog\/terremoti-la-magnitudo-e-stata-abbassata\/","title":{"rendered":"Terremoti: la magnitudo \u00e8 stata abbassata?"},"content":{"rendered":"<div class=\"\" data-block=\"true\" data-editor=\"3r333\" data-offset-key=\"94oq-0-0\">\n<div class=\"_1mf _1mj\" data-offset-key=\"94oq-0-0\">\n<p><a href=\"http:\/\/www.masonmassyjames.it\/blog\/wp-content\/uploads\/2016\/10\/terremoto.jpg\"><img loading=\"lazy\" decoding=\"async\" class=\"size-medium wp-image-1895 aligncenter\" src=\"http:\/\/www.masonmassyjames.it\/blog\/wp-content\/uploads\/2016\/10\/terremoto-300x196.jpg\" width=\"300\" height=\"196\" srcset=\"https:\/\/www.masonmassyjames.it\/blog\/wp-content\/uploads\/2016\/10\/terremoto-300x196.jpg 300w, https:\/\/www.masonmassyjames.it\/blog\/wp-content\/uploads\/2016\/10\/terremoto-768x502.jpg 768w, https:\/\/www.masonmassyjames.it\/blog\/wp-content\/uploads\/2016\/10\/terremoto.jpg 1000w, https:\/\/www.masonmassyjames.it\/blog\/wp-content\/uploads\/2016\/10\/terremoto-750x490.jpg 750w, https:\/\/www.masonmassyjames.it\/blog\/wp-content\/uploads\/2016\/10\/terremoto-375x245.jpg 375w\" sizes=\"auto, (max-width: 300px) 100vw, 300px\" \/><\/a><\/p>\n<\/div>\n<\/div>\n<div class=\"\" data-block=\"true\" data-editor=\"3r333\" data-offset-key=\"ckenk-0-0\">\n<div class=\"_1mf _1mj\" data-offset-key=\"ckenk-0-0\"><span data-offset-key=\"ckenk-0-0\"><span data-text=\"true\">Continua a girare la notizia che la magnitudo dei terremoti \u00e8 stata <strong>truccata<\/strong> per evitare il risarcimento dei danni ai terremotati da parte del governo, &#8220;notizia&#8221; nata durante il terremoto di Amatrice e rinvigorita in questi giorni, purtroppo, in occasione di altri terribili <strong>eventi sismici<\/strong> in centro Italia.<\/p>\n<p> Secondo questa notizia per ogni terremoto, se si incrociano i dati tra fonti estere e nazionali o anche solo quelle nazionali ma a distanza di tempo, ci sono <strong>diverse discrepanze<\/strong> tra le magnitudo rilevate. Siccome se la magnitudo \u00e8 inferiore a 6.1, lo stato non risarcisce danni secondo una legge varata durante il governo Monti, \u00e8 evidente che i dati sono manipolati affinch\u00e9 il governo non sborsi un euro.<\/span><\/span><\/div>\n<\/div>\n<div class=\"\" data-block=\"true\" data-editor=\"3r333\" data-offset-key=\"bnqek-0-0\">\n<div class=\"_1mf _1mj\" data-offset-key=\"bnqek-0-0\"><span data-offset-key=\"bnqek-0-0\">\u00a0<\/span><\/div>\n<\/div>\n<div class=\"\" data-block=\"true\" data-editor=\"3r333\" data-offset-key=\"dh4m3-0-0\">\n<div class=\"_1mf _1mj\" data-offset-key=\"dh4m3-0-0\"><span data-offset-key=\"dh4m3-0-0\"><span data-text=\"true\"><strong>E\u2019 una bufala<\/strong>: il risarcimento da parte del governo scatta <strong>in base ai danni<\/strong> causati dal terremoto, non alla sua magnitudo e sono valori che si calcolano secondo due scale completamente diverse che non hanno attinenza l\u2019una con l\u2019altra. La prima (<strong>Mercalli<\/strong>) viene calcolata a seconda dei danni causati dal terremoto, la seconda (<strong>Richter<\/strong>) invece in base all\u2019intensit\u00e0. Inoltre le diverse letture di magnitudo (che gi\u00e0 non contano pi\u00f9 in questo contesto, ma lo specifico per curiosit\u00e0) possono <strong>normalmente variare<\/strong> sia a seconda dell\u2019istituto che le ha registrate sia a seconda del momento perch\u00e9 le prime rilevazioni sono solo stime che possono essere corrette dagli istituti incrociando varie rilevazioni. Capita continuamente. (https:\/\/ingvterremoti.wordpress.com\/faq\/faq-domande-frequenti-sui-terremoti\/#_Toc423523390)<\/span><\/span><\/div>\n<\/div>\n<div class=\"\" data-block=\"true\" data-editor=\"3r333\" data-offset-key=\"ehs03-0-0\">\n<div class=\"_1mf _1mj\" data-offset-key=\"ehs03-0-0\"><span data-offset-key=\"ehs03-0-0\">\u00a0<\/span><\/div>\n<\/div>\n<div class=\"\" data-block=\"true\" data-editor=\"3r333\" data-offset-key=\"afb29-0-0\">\n<div class=\"_1mf _1mj\" data-offset-key=\"afb29-0-0\"><span data-offset-key=\"afb29-0-0\"><span data-text=\"true\">Un ulteriore <strong>paradosso<\/strong> della bufala che circola \u00e8 che si fa riferimento a una legge del governo Monti varata 5 giorni prima del terremoto in Emilia del 2012. La coincidenza ha tirato fuori addirittura la tesi che quella legge fu <strong>fatta apposta per non pagare i danni di un terremoto previsto<\/strong>. Peccato che pochi giorni dopo Monti firm\u00f2 un decreto per garantire la copertura al 100% delle spese per la ricostruzione. (http:\/\/www.altalex.com\/documents\/leggi\/2012\/07\/18\/disposizioni-urgenti-per-il-riordino-della-protezione-civile)<\/span><\/span><\/div>\n<\/div>\n<div class=\"\" data-block=\"true\" data-editor=\"3r333\" data-offset-key=\"crvu2-0-0\">\n<div class=\"_1mf _1mj\" data-offset-key=\"crvu2-0-0\"><span data-offset-key=\"crvu2-0-0\">\u00a0<\/span><\/div>\n<\/div>\n<div class=\"\" data-block=\"true\" data-editor=\"3r333\" data-offset-key=\"6h5gk-0-0\">\n<div class=\"_1mf _1mj\" data-offset-key=\"6h5gk-0-0\"><span data-offset-key=\"6h5gk-0-0\"><span data-text=\"true\">Ora, esistono <strong>una marea di \u201ccomplotti\u201d<\/strong> ai nostri danni che vengono portati a termine senza colpo ferire e denunciarli, farne parlare, criticare, dissentire \u00e8 sacrosanto, anzi direi <strong>vitale<\/strong>. Ma se non vogliamo che la nomea di \u201ccomplottari\u201d investa anche le cose serie di cui ci si deve occupare, <strong>sta a noi porre rimedio<\/strong>.<\/span><\/span><\/div>\n<\/div>\n<div class=\"\" data-block=\"true\" data-editor=\"3r333\" data-offset-key=\"f31mb-0-0\">\n<div class=\"_1mf _1mj\" data-offset-key=\"f31mb-0-0\"><span data-offset-key=\"f31mb-0-0\"><span data-text=\"true\">Insomma se non vuoi che ti chiamino complottista quando metti in dubbio qualcosa, inizia a <strong>non condividere<\/strong> notizie che non hai controllato e verificato perch\u00e9 \u00e8 cos\u00ec che il complottismo diventa la <strong>macchietta<\/strong> di cui il potere ha bisogno affinch\u00e9 si zittiscano le voci. <br \/>\n<strong>Se condividi una notizia controcorrente senza verificarla non sei un ricercatore della verit\u00e0, non sei un controinformatore. Sei solo l\u2019Emilio Fede del complottismo.<\/strong><\/span><\/span><\/div>\n<\/div>\n<div class=\"\" data-block=\"true\" data-editor=\"3r333\" data-offset-key=\"bv499-0-0\">\n<div class=\"_1mf _1mj\" data-offset-key=\"bv499-0-0\"><span data-offset-key=\"bv499-0-0\"><span data-offset-key=\"bv499-0-0\"><span data-text=\"true\">E\u2019 una cosa talmente banale che si spiega ai bambini con la favola \u201c<strong>Al lupo! Al lupo\u201d<\/strong>. Ci sentiamo in grado di combattere le bugie del sistema e cadiamo in un errore che talmente banale che ne hanno fatto una favola per bambini?<\/span><\/span><\/span><\/p>\n<p>Non c\u2019\u00e8 molta differenza da un post del genere.<br \/>\n <a href=\"http:\/\/www.masonmassyjames.it\/blog\/wp-content\/uploads\/2016\/10\/14591648_10209852647849458_6567287207588324622_n.jpg\"><img loading=\"lazy\" decoding=\"async\" class=\"aligncenter size-medium wp-image-1896\" src=\"http:\/\/www.masonmassyjames.it\/blog\/wp-content\/uploads\/2016\/10\/14591648_10209852647849458_6567287207588324622_n-300x212.jpg\" alt=\"14591648_10209852647849458_6567287207588324622_n\" width=\"300\" height=\"212\" srcset=\"https:\/\/www.masonmassyjames.it\/blog\/wp-content\/uploads\/2016\/10\/14591648_10209852647849458_6567287207588324622_n-300x212.jpg 300w, https:\/\/www.masonmassyjames.it\/blog\/wp-content\/uploads\/2016\/10\/14591648_10209852647849458_6567287207588324622_n-693x490.jpg 693w, https:\/\/www.masonmassyjames.it\/blog\/wp-content\/uploads\/2016\/10\/14591648_10209852647849458_6567287207588324622_n-347x245.jpg 347w, https:\/\/www.masonmassyjames.it\/blog\/wp-content\/uploads\/2016\/10\/14591648_10209852647849458_6567287207588324622_n.jpg 720w\" sizes=\"auto, (max-width: 300px) 100vw, 300px\" \/><\/a><\/p>\n<\/div>\n<\/div>\n<div class=\"\" data-block=\"true\" data-editor=\"3r333\" data-offset-key=\"fnebi-0-0\">\n<div class=\"_1mf _1mj\" data-offset-key=\"fnebi-0-0\"><span data-offset-key=\"fnebi-0-0\"><span data-text=\"true\">Sono anni che lo dico: <strong>la differenza tra il complottismo becero da ridicolizzare che disinnesca anche le vere battaglie e il dissenso funzionale contro le bastardate che il potere ci cala sulla testa come mannaie la puoi fare solamente tu con il discernimento, controllando le fonti e usando la testa.<\/strong><\/span><\/span><\/div>\n<\/div>\n<div class=\"\" data-block=\"true\" data-editor=\"3r333\" data-offset-key=\"dae71-0-0\">\n<div class=\"_1mf _1mj\" data-offset-key=\"dae71-0-0\"><span data-offset-key=\"dae71-0-0\"><span data-text=\"true\">Se invece non ti frega niente nemmeno di questo, per lo meno pensa a chi \u00e8 vittima di queste cose (i terremotati in questo caso) che non hanno bisogno che qualcuno speculi e dica stronzate su tragedie serie che costano vite e sofferenza.<\/span><\/span>\u00a0<\/div>\n<\/div>\n","protected":false},"excerpt":{"rendered":"<p>Continua a girare la notizia che la magnitudo dei terremoti \u00e8 stata truccata per evitare il risarcimento dei danni ai terremotati da parte del governo, &#8220;notizia&#8221; nata durante il terremoto di Amatrice e rinvigorita in questi giorni, purtroppo, in occasione di altri terribili eventi sismici in centro Italia. Secondo questa notizia per ogni terremoto, se [&hellip;]<\/p>\n","protected":false},"author":1,"featured_media":1895,"comment_status":"closed","ping_status":"open","sticky":false,"template":"","format":"standard","meta":{"footnotes":""},"categories":[2],"tags":[476,47,491,492,490],"class_list":["post-1894","post","type-post","status-publish","format-standard","has-post-thumbnail","hentry","category-attivismo-politca","tag-bufala","tag-complottismo","tag-magnitudo","tag-risarcimenti","tag-terremoto"],"views":6445,"_links":{"self":[{"href":"https:\/\/www.masonmassyjames.it\/blog\/wp-json\/wp\/v2\/posts\/1894","targetHints":{"allow":["GET"]}}],"collection":[{"href":"https:\/\/www.masonmassyjames.it\/blog\/wp-json\/wp\/v2\/posts"}],"about":[{"href":"https:\/\/www.masonmassyjames.it\/blog\/wp-json\/wp\/v2\/types\/post"}],"author":[{"embeddable":true,"href":"https:\/\/www.masonmassyjames.it\/blog\/wp-json\/wp\/v2\/users\/1"}],"replies":[{"embeddable":true,"href":"https:\/\/www.masonmassyjames.it\/blog\/wp-json\/wp\/v2\/comments?post=1894"}],"version-history":[{"count":3,"href":"https:\/\/www.masonmassyjames.it\/blog\/wp-json\/wp\/v2\/posts\/1894\/revisions"}],"predecessor-version":[{"id":1899,"href":"https:\/\/www.masonmassyjames.it\/blog\/wp-json\/wp\/v2\/posts\/1894\/revisions\/1899"}],"wp:featuredmedia":[{"embeddable":true,"href":"https:\/\/www.masonmassyjames.it\/blog\/wp-json\/wp\/v2\/media\/1895"}],"wp:attachment":[{"href":"https:\/\/www.masonmassyjames.it\/blog\/wp-json\/wp\/v2\/media?parent=1894"}],"wp:term":[{"taxonomy":"category","embeddable":true,"href":"https:\/\/www.masonmassyjames.it\/blog\/wp-json\/wp\/v2\/categories?post=1894"},{"taxonomy":"post_tag","embeddable":true,"href":"https:\/\/www.masonmassyjames.it\/blog\/wp-json\/wp\/v2\/tags?post=1894"}],"curies":[{"name":"wp","href":"https:\/\/api.w.org\/{rel}","templated":true}]}}