{"id":2122,"date":"2018-09-23T14:36:39","date_gmt":"2018-09-23T12:36:39","guid":{"rendered":"http:\/\/www.masonmassyjames.it\/blog\/?p=2122"},"modified":"2018-09-23T14:36:39","modified_gmt":"2018-09-23T12:36:39","slug":"ojaf-la-nuova-pericolosissima-sharia-islamica","status":"publish","type":"post","link":"https:\/\/www.masonmassyjames.it\/blog\/ojaf-la-nuova-pericolosissima-sharia-islamica\/","title":{"rendered":"Oj\u00e0f, la nuova pericolosissima Sharia Islamica"},"content":{"rendered":"<p><a href=\"http:\/\/www.masonmassyjames.it\/blog\/wp-content\/uploads\/2018\/09\/Oj\u00e0f.jpg\"><img loading=\"lazy\" decoding=\"async\" class=\"aligncenter size-full wp-image-2123\" src=\"http:\/\/www.masonmassyjames.it\/blog\/wp-content\/uploads\/2018\/09\/Oj\u00e0f.jpg\" alt=\"\" width=\"960\" height=\"572\" srcset=\"https:\/\/www.masonmassyjames.it\/blog\/wp-content\/uploads\/2018\/09\/Oj\u00e0f.jpg 960w, https:\/\/www.masonmassyjames.it\/blog\/wp-content\/uploads\/2018\/09\/Oj\u00e0f-300x179.jpg 300w, https:\/\/www.masonmassyjames.it\/blog\/wp-content\/uploads\/2018\/09\/Oj\u00e0f-768x458.jpg 768w, https:\/\/www.masonmassyjames.it\/blog\/wp-content\/uploads\/2018\/09\/Oj\u00e0f-800x477.jpg 800w, https:\/\/www.masonmassyjames.it\/blog\/wp-content\/uploads\/2018\/09\/Oj\u00e0f-400x238.jpg 400w\" sizes=\"auto, (max-width: 960px) 100vw, 960px\" \/><\/a><\/p>\n<p>Sapete bene che io sono antirazzista e per l\u2019integrazione, per\u00f2 ho letto delle informazioni che mi stanno facendo riflettere parecchio su queste mie posizioni.<br \/>\nHo sentito che ci sono luoghi in Medio Oriente e in Africa in cui si sta diffondendo una specie di nuova Sharia: l\u2019Oj\u00e0f, un miscuglio schifoso di leggi divine e laiche che fanno drizzare i capelli, volte proprio ad insinuarsi nell\u2019occidente<span class=\"text_exposed_show\">\u00a0affinch\u00e9 i principi democratici vengano sostituiti con questa spazzatura. L\u2019immagine allegata \u00e8 la loro bandiera.\u00a0<br \/>\nVi faccio alcuni esempi delle demenze che questi vanno proclamando.<\/span><\/p>\n<ol>\n<li><span class=\"text_exposed_show\">Oj\u00e0f proclama un potere centralizzato in mano a pochi\/una persona che pu\u00f2 emanare leggi che entrano immediatamente in vigore senza discussioni parlamentari.<\/span><\/li>\n<li><span class=\"text_exposed_show\">Qualsiasi organo di stampa deve avere un direttore gradito all\u2019Oj\u00e0f e la censura sistematica della critica diventa normale prassi.<\/span><\/li>\n<li><span class=\"text_exposed_show\">Abolizione di qualsiasi forma di sciopero e sono legali solo sindacati che appartengono all\u2019Oj\u00e0f.<\/span><\/li>\n<li><span class=\"text_exposed_show\">Alle elezioni potranno essere votate solo persone che appaiono in liste create dall\u2019Oj\u00e0f.\u00a0<\/span><\/li>\n<li><span class=\"text_exposed_show\">Tutte le associazioni di cittadini devono essere sottoposte al controllo delle forze di polizia.<\/span><\/li>\n<li><span class=\"text_exposed_show\">Chi viene sospettato di avere idee contrarie all\u2019Oj\u00e0f pu\u00f2 essere posto in esilio in luoghi remoti anche senza la necessit\u00e0 di un processo regolare.<\/span><\/li>\n<li><span class=\"text_exposed_show\">La donna \u00e8 un elemento fondamentale dell\u2019impero Oj\u00e0f, per questo deve avere l&#8217;esclusivo ruolo di madre-casalinga.<\/span><\/li>\n<li><span class=\"text_exposed_show\">Una nuova aurora dello Oj\u00e0f potr\u00e0 sorgere solo se le nuove generazioni saranno numerose e obbedienti perci\u00f2 \u00e8 fuorilegge l&#8217;uso di anticoncezionali e il ricorso all&#8217;aborto.<\/span><\/li>\n<li><span class=\"text_exposed_show\">La razza Araba deve rimanere pura e non diluirsi nelle impurit\u00e0 delle altre razze.<\/span><\/li>\n<li><span class=\"text_exposed_show\">L\u2019islam deve essere l\u2019unica e sola fede di stato.<\/span><\/li>\n<li><span class=\"text_exposed_show\">Chiunque professi la fede cristiana o sia figlio di cristiani o di europei non deve avere accesso all\u2019istruzione, non pu\u00f2 sposare un Arabo Musulmano e non pu\u00f2 lavorare per lo stato. Chi gi\u00e0 lavora per lo stato dovr\u00e0 essere licenziato e allontanato.<\/span><\/li>\n<li><span class=\"text_exposed_show\">L\u2019omosessualit\u00e0 \u00e8 punita perch\u00e9 rappresenta un attentato alla dignit\u00e0 della razza.<\/span><\/li>\n<\/ol>\n<p><span class=\"text_exposed_show\">E queste sono solo alcune delle loro follie.\u00a0<br \/>\nEcco, capite bene che per quanto una persona possa essere incline all\u2019inclusione e alla tolleranza, certe cose non possono essere n\u00e9 incluse n\u00e9 tollerate. Questa robaccia non pu\u00f2 e non deve fare parte della nostra quotidianit\u00e0, rappresenta un mondo malato, pericoloso e distorto, violento, oppressivo, dittatoriale.<br \/>\nEcco perch\u00e9 \u00e8 ora di dire basta. Basta! Bas\u2026 In realt\u00e0 bisogna dire basta ai luoghi comuni: l\u2019Oj\u00e0f non esiste, me lo sono appena inventato e l\u2019elenco che avete letto racconta alcune cosette successe veramente in Italia e messe in pratica veramente dal regime fascista (con la sola differenza che le razze e le religioni erano altre), un sistema a cui si rifanno apertamente alcune forze politiche, mentre altre (fintamente pi\u00f9 democratiche) se ne distanziano ma sostengono alcuni di quei punti, sempre usando le stesse vecchie scuse come l&#8217;ordine, il patriottismo, il nemico comune, ecc.<br \/>\nAdesso tutto l\u2019astio che vi era probabilmente montato, tutta l\u2019intolleranza, tutta la \u201cnon inclusione\u201d che sicuramente erano esplose in voi verso quelle parole, riuscite a portarle lucidamente su chi oggi \u00e8 anche solo simpatizzante verso il fascismo o verso quel modo di concepire la societ\u00e0, la vita, le persone? Oppure improvvisamente diventa tutto solo \u201cgoliardia\u201d, qualcosa che non pu\u00f2 accadere, mero allarmismo?<br \/>\nSmettetela di farvi prendere per il culo. Non abbiate paura del diverso, abbiate paura del potere, di qualsiasi colore sia.<\/p>\n<p>Ps. Anche la bandiera \u00e8 falsa. C&#8217;\u00e8 scritto \u201cstupido credulone\u201d in arabo.<\/span><\/p>\n","protected":false},"excerpt":{"rendered":"<p>Sapete bene che io sono antirazzista e per l\u2019integrazione, per\u00f2 ho letto delle informazioni che mi stanno facendo riflettere parecchio su queste mie posizioni. Ho sentito che ci sono luoghi in Medio Oriente e in Africa in cui si sta diffondendo una specie di nuova Sharia: l\u2019Oj\u00e0f, un miscuglio schifoso di leggi divine e laiche [&hellip;]<\/p>\n","protected":false},"author":1,"featured_media":2124,"comment_status":"closed","ping_status":"closed","sticky":false,"template":"","format":"standard","meta":{"footnotes":""},"categories":[2,626],"tags":[634,172,636,248,635],"class_list":["post-2122","post","type-post","status-publish","format-standard","has-post-thumbnail","hentry","category-attivismo-politca","category-societa","tag-fascismo","tag-islam","tag-ojaf","tag-razzismo","tag-sharia"],"views":1609,"_links":{"self":[{"href":"https:\/\/www.masonmassyjames.it\/blog\/wp-json\/wp\/v2\/posts\/2122","targetHints":{"allow":["GET"]}}],"collection":[{"href":"https:\/\/www.masonmassyjames.it\/blog\/wp-json\/wp\/v2\/posts"}],"about":[{"href":"https:\/\/www.masonmassyjames.it\/blog\/wp-json\/wp\/v2\/types\/post"}],"author":[{"embeddable":true,"href":"https:\/\/www.masonmassyjames.it\/blog\/wp-json\/wp\/v2\/users\/1"}],"replies":[{"embeddable":true,"href":"https:\/\/www.masonmassyjames.it\/blog\/wp-json\/wp\/v2\/comments?post=2122"}],"version-history":[{"count":1,"href":"https:\/\/www.masonmassyjames.it\/blog\/wp-json\/wp\/v2\/posts\/2122\/revisions"}],"predecessor-version":[{"id":2125,"href":"https:\/\/www.masonmassyjames.it\/blog\/wp-json\/wp\/v2\/posts\/2122\/revisions\/2125"}],"wp:featuredmedia":[{"embeddable":true,"href":"https:\/\/www.masonmassyjames.it\/blog\/wp-json\/wp\/v2\/media\/2124"}],"wp:attachment":[{"href":"https:\/\/www.masonmassyjames.it\/blog\/wp-json\/wp\/v2\/media?parent=2122"}],"wp:term":[{"taxonomy":"category","embeddable":true,"href":"https:\/\/www.masonmassyjames.it\/blog\/wp-json\/wp\/v2\/categories?post=2122"},{"taxonomy":"post_tag","embeddable":true,"href":"https:\/\/www.masonmassyjames.it\/blog\/wp-json\/wp\/v2\/tags?post=2122"}],"curies":[{"name":"wp","href":"https:\/\/api.w.org\/{rel}","templated":true}]}}