{"id":2156,"date":"2018-12-13T16:02:24","date_gmt":"2018-12-13T15:02:24","guid":{"rendered":"http:\/\/www.masonmassyjames.it\/blog\/?p=2156"},"modified":"2018-12-13T16:02:24","modified_gmt":"2018-12-13T15:02:24","slug":"primal-suppression-anteprima","status":"publish","type":"post","link":"https:\/\/www.masonmassyjames.it\/blog\/primal-suppression-anteprima\/","title":{"rendered":"Primal Suppression, anteprima"},"content":{"rendered":"<p><a href=\"http:\/\/www.masonmassyjames.it\/blog\/wp-content\/uploads\/2018\/12\/primal_suppression.jpg\"><img loading=\"lazy\" decoding=\"async\" class=\"aligncenter size-full wp-image-2157\" src=\"http:\/\/www.masonmassyjames.it\/blog\/wp-content\/uploads\/2018\/12\/primal_suppression.jpg\" alt=\"\" width=\"1278\" height=\"719\" srcset=\"https:\/\/www.masonmassyjames.it\/blog\/wp-content\/uploads\/2018\/12\/primal_suppression.jpg 1278w, https:\/\/www.masonmassyjames.it\/blog\/wp-content\/uploads\/2018\/12\/primal_suppression-300x169.jpg 300w, https:\/\/www.masonmassyjames.it\/blog\/wp-content\/uploads\/2018\/12\/primal_suppression-768x432.jpg 768w, https:\/\/www.masonmassyjames.it\/blog\/wp-content\/uploads\/2018\/12\/primal_suppression-1024x576.jpg 1024w, https:\/\/www.masonmassyjames.it\/blog\/wp-content\/uploads\/2018\/12\/primal_suppression-800x450.jpg 800w, https:\/\/www.masonmassyjames.it\/blog\/wp-content\/uploads\/2018\/12\/primal_suppression-400x225.jpg 400w\" sizes=\"auto, (max-width: 1278px) 100vw, 1278px\" \/><\/a><\/p>\n<p>Qualcuno di voi, tra quelli che mi seguono pi\u00f9 assiduamente, si sar\u00e0 accorto che non sono molto prolifico ultimamente.<br \/>\nI motivi dietro a questa situazione sono diversi, tutti poco piacevoli o poco interessanti, tutti eccetto uno: sto lavorando al mio primo cortometraggio.<br \/>\nSi tratta di \u201cPrimal Suppression\u201d un breve film scritto e girato da me con protagonista la bravissima Francesca Natale (alias\u00a0<a class=\"profileLink\" href=\"https:\/\/www.facebook.com\/rosen.fra?__tn__=K-R&amp;eid=ARDfxxYV4bvnkEnkybrQvFZe-7pK2RwVUEKgva2rcnRn31kMIoKggdyrqQkXYKPGz-yjxsDH3FmYWkPB&amp;fref=mentions&amp;__xts__%5B0%5D=68.ARBym3bB7oilU6s0wL28wwM2m2m9sScltqnKnvREmLs5evA9GDTTmYn0E5WAhYLsq2C3XTq_FH6sdfP2EVSxuAaAmLWwEZNFUNHOyFInYBT8G3KR0Sq7fUQsxc5EF3ClOjFLX6ucRiTkzGqjUOJGHnMU-JLk1jJ_boDcLLTvoIv9n2LDiRqlw5lC0M0E3UdD_izGGFk1WPjNQFzHX8gkCpph16NI6Z61iAgM5OcGaIsgxMn4nleCqsK4rAM0bW1j3mtQ0TjocqAonwm4qSYEWK6c79QoJHFoaILuPG581KUvVvt9_N9fANx_lU-ZB-u6Ja4QC7jM-KNduf2bSvxSewMvNQfL\" data-hovercard=\"\/ajax\/hovercard\/user.php?id=1418914839&amp;extragetparams=%7B%22__tn__%22%3A%22%2CdK-R-R%22%2C%22eid%22%3A%22ARDfxxYV4bvnkEnkybrQvFZe-7pK2RwVUEKgva2rcnRn31kMIoKggdyrqQkXYKPGz-yjxsDH3FmYWkPB%22%2C%22fref%22%3A%22mentions%22%7D\" data-hovercard-prefer-more-content-show=\"1\">Rosen Crantz<\/a>).\u00a0<br \/>\nAnche se lavoro con l\u2019arte visiva praticamente da sempre e ho rea<span class=\"text_exposed_show\">lizzato tantissimi video come videoclip musicali, spot, interviste, ecc. questo \u00e8 un lavoro a cui tengo particolarmente, forse quasi maniacalmente, perch\u00e9 \u00e8 la prima volta che mi cimento in un vero corto, partendo da una storia mia, che ho pensato, scritto, realizzato e da cui ovviamente emerge un forte messaggio di critica in cui credo profondamente.<br \/>\nIntanto ringrazio le persone che mi hanno sostenuto in questo progetto: ne ho avuto parecchio bisogno.<br \/>\nSpero di avere presto altri aggiornamenti in merito.<\/span><\/p>\n","protected":false},"excerpt":{"rendered":"<p>Qualcuno di voi, tra quelli che mi seguono pi\u00f9 assiduamente, si sar\u00e0 accorto che non sono molto prolifico ultimamente. I motivi dietro a questa situazione sono diversi, tutti poco piacevoli o poco interessanti, tutti eccetto uno: sto lavorando al mio primo cortometraggio. Si tratta di \u201cPrimal Suppression\u201d un breve film scritto e girato da me [&hellip;]<\/p>\n","protected":false},"author":1,"featured_media":2157,"comment_status":"closed","ping_status":"closed","sticky":false,"template":"","format":"standard","meta":{"footnotes":""},"categories":[2],"tags":[650,649],"class_list":["post-2156","post","type-post","status-publish","format-standard","has-post-thumbnail","hentry","category-attivismo-politca","tag-cortometraggio","tag-primal-suppression"],"views":1220,"_links":{"self":[{"href":"https:\/\/www.masonmassyjames.it\/blog\/wp-json\/wp\/v2\/posts\/2156","targetHints":{"allow":["GET"]}}],"collection":[{"href":"https:\/\/www.masonmassyjames.it\/blog\/wp-json\/wp\/v2\/posts"}],"about":[{"href":"https:\/\/www.masonmassyjames.it\/blog\/wp-json\/wp\/v2\/types\/post"}],"author":[{"embeddable":true,"href":"https:\/\/www.masonmassyjames.it\/blog\/wp-json\/wp\/v2\/users\/1"}],"replies":[{"embeddable":true,"href":"https:\/\/www.masonmassyjames.it\/blog\/wp-json\/wp\/v2\/comments?post=2156"}],"version-history":[{"count":1,"href":"https:\/\/www.masonmassyjames.it\/blog\/wp-json\/wp\/v2\/posts\/2156\/revisions"}],"predecessor-version":[{"id":2158,"href":"https:\/\/www.masonmassyjames.it\/blog\/wp-json\/wp\/v2\/posts\/2156\/revisions\/2158"}],"wp:featuredmedia":[{"embeddable":true,"href":"https:\/\/www.masonmassyjames.it\/blog\/wp-json\/wp\/v2\/media\/2157"}],"wp:attachment":[{"href":"https:\/\/www.masonmassyjames.it\/blog\/wp-json\/wp\/v2\/media?parent=2156"}],"wp:term":[{"taxonomy":"category","embeddable":true,"href":"https:\/\/www.masonmassyjames.it\/blog\/wp-json\/wp\/v2\/categories?post=2156"},{"taxonomy":"post_tag","embeddable":true,"href":"https:\/\/www.masonmassyjames.it\/blog\/wp-json\/wp\/v2\/tags?post=2156"}],"curies":[{"name":"wp","href":"https:\/\/api.w.org\/{rel}","templated":true}]}}