{"id":2195,"date":"2019-02-15T17:31:29","date_gmt":"2019-02-15T16:31:29","guid":{"rendered":"https:\/\/www.masonmassyjames.it\/blog\/?p=2195"},"modified":"2019-02-15T17:31:29","modified_gmt":"2019-02-15T16:31:29","slug":"non-e-successo-niente-a-nessuno","status":"publish","type":"post","link":"https:\/\/www.masonmassyjames.it\/blog\/non-e-successo-niente-a-nessuno\/","title":{"rendered":"Non \u00e8 successo niente a nessuno"},"content":{"rendered":"<p><a href=\"https:\/\/www.masonmassyjames.it\/blog\/wp-content\/uploads\/2019\/02\/calcio-clochard-carrara.jpg\"><img loading=\"lazy\" decoding=\"async\" class=\"aligncenter size-full wp-image-2196\" src=\"https:\/\/www.masonmassyjames.it\/blog\/wp-content\/uploads\/2019\/02\/calcio-clochard-carrara.jpg\" alt=\"\" width=\"663\" height=\"494\" srcset=\"https:\/\/www.masonmassyjames.it\/blog\/wp-content\/uploads\/2019\/02\/calcio-clochard-carrara.jpg 663w, https:\/\/www.masonmassyjames.it\/blog\/wp-content\/uploads\/2019\/02\/calcio-clochard-carrara-300x224.jpg 300w\" sizes=\"auto, (max-width: 663px) 100vw, 663px\" \/><\/a><\/p>\n<p>Ieri nella citt\u00e0 in cui vivo non \u00e8 successo niente a nessuno.<br \/>\nIeri nella citt\u00e0 in cui vivo un essere umano in difficolt\u00e0 \u00e8 stato preso a calci.<br \/>\nEntrambe le frasi sono paradossalmente vere. A renderle vere \u00e8 il contesto disumanizzato in cui viviamo.<br \/>\nIeri, per davvero, qualcuno \u00e8 stato preso a calci, ma quel qualcuno \u00e8 un emarginato, un povero, un clochard. Per questo lui \u00e8 nessuno e quindi non \u00e8 successo niente.<br \/>\nChe non sia successo niente lo dimostra un video che, s\u00ec, immortala un uomo che ne colpisce un altro inerme, gi\u00e0 barcollante, indifeso; ma immortala anche una citt\u00e0 immobile davanti a questo gesto, persone che osservano senza intervenire, senza prendere posizione, appunto, come nulla fosse accaduto.<br \/>\nDirei che questo \u00e8 un perfetto quadretto di come gli orrori si possano compiere: \u00e8 la maggioranza li lascia accadere con indifferenza. Ma non c\u2019\u00e8 modo di essere davvero indifferenti: l\u2019indifferenza non \u00e8 una non partecipazione, \u00e8 in realt\u00e0 una posizione netta, attiva e partecipativa a favore dell\u2019oppressione, della malvagit\u00e0, del dolore.<br \/>\nComprendo l\u2019appello a far s\u00ec che chi ha visto parli, affinch\u00e9 si possa trovare il colpevole, ma non lo condivido: non c\u2019\u00e8 un colpevole. Lo siamo tutti. E colpevole \u00e8 tutto il sistema che difendiamo con ogni nostra singola azione quotidiana. Il giustizialismo e le punizioni del singolo non ripareranno quello che siamo diventati.<br \/>\nQui trovate il video:\u00a0<a href=\"https:\/\/goo.gl\/adqEeJ?fbclid=IwAR2F8SnUNml82r0UV80hqURKrDA5fgq6UoxLJp0gMA9TpM8HWIFRYyof_64\" target=\"_blank\" rel=\"noopener nofollow\" data-ft=\"{&quot;tn&quot;:&quot;-U&quot;}\" data-lynx-mode=\"async\" data-lynx-uri=\"https:\/\/l.facebook.com\/l.php?u=https%3A%2F%2Fgoo.gl%2FadqEeJ%3Ffbclid%3DIwAR2F8SnUNml82r0UV80hqURKrDA5fgq6UoxLJp0gMA9TpM8HWIFRYyof_64&amp;h=AT1xjU6m0iaAOqMiPDHgH2xCd1BQOAsowqg2Ou4OBAD7E2MPEkzyhuTRfLgonpM-LoiScZEVtYy7axMq12Ju5MCJ6lBNX7N8Coo5mMSKIF-I2sy5gVtbF902icTdDWU4bCfWEDvGfjOedxMvQBWt_RkPfR39Pad79axtAaCpRMf6g0FYimXOVcYsa89IpE57GqHs5B8YyeI6fp1df0K8EfmyXYvVbGNOQ6h_6fXXMyinPFk7BWcEe7pfSTW1ZczIZIpccjRMoCNTjz0FHpXYeRLfp6WnCTgn8nbnbwtzACxOsKhdisjF6Vj3K297CnemdbMP9x6GXIFE6xf_MTV674VZaeTi3zor-EAlDu-A9Ws2uk997luB8UUFCqO8lqQDjG2m5U9BR2sXxsTzkrOCPIyIbyRX5rcda4NVbUyTGCXJ8XPSdUe0_AIxUjbMw3Wv1pGiICM04mWGwHLnfMB2ru8duisFWpjTciqXYXniyMpmULQ3jBxrsGx0-5Kg4aiIP02L4X2NVj-1N4Q2IbuRfuPqO-1XXgEzCidXs7QP97pCL-tgrwZahXgHxmM3BO3UQ1PVHZrtT-hex3LhCSUCcONt8PZEtdrY6auWap3ZwyXZb2v2hxqCUeN4wTZdzmS_RN9e4g\">https:\/\/goo.gl\/adqEeJ<\/a><br \/>\nIncollo integralmente qui sotto l\u2019appello del fratello di Umberto, la persona aggredita, perch\u00e9 stimoli un po\u2019 di riflessioni sulle persone che sono ai margini di questa follia chiamata civilt\u00e0.<\/p>\n<p>***<\/p>\n<p>Umberto \u00e8 un essere umano. Un essere umano con varie problematiche, \u00e8 portatore di handicap ed a neppure un anno di et\u00e0 gli \u00e8 stata diagnosticata una malattia genetica con il nome di sindrome di Aatskog che ha causato oltre a leggere deformit\u00e0 fisiche anche ritardi nello sviluppo e ritardo mentale degenerativo. Questa patologia, fin da piccolo, ha causato una crescita particolarmente difficile e quei ritardi lo hanno reso permanentemente inadeguato alle sue aspettative ed a quelle dei familiari e dei suoi compagni, il ritardo mentale \u00e8 stata causa di emarginazione che nella &#8220;maturit\u00e0&#8221; ha assunto un connotato particolarmente severo.<br \/>\nUmberto \u00e8 un bambino di 10-12 anni nel corpo di un uomo di quasi 40 anni.<br \/>\nNegli anni si \u00e8 aggiunta la tossicodipendenza e alcolismo che non hanno sicuramente giovato al suo benessere fisico e mentale.\u00a0<br \/>\nUmberto \u00e8 anche mio fratello ma potrebbe essere il vostro o il vostro figlio. La comunit\u00e0 carrarese lo ha accolto in qualche maniera provando ad accoglierlo nella maniera che ha potuto ed \u00e8 per questo che la ringrazio sentitamente.\u00a0<br \/>\nLo spiacevole e disprezzabile fatto accaduto marted\u00ec 12 febbraio 2019 in Via Roma a Carrara porta un dolore immenso per il modo in cui \u00e8 avvenuto. Colpito alle spalle da un calcio da un signore che abita in quella via e che dava a lui fastidio il fatto che Umberto chiedesse qualche spicciolo davanti il suo portone.<br \/>\nQualcun* ha girato anche un video dell&#8217;orrendo fatto mettendolo in rete, facendosi cosi Testimone reale dell&#8217;accaduto.<br \/>\nFaccio un appello a chi ha girato il video a presentarsi come testimone ed anche a chi era presente e che sia disposto a rilasciare la propria testimonianza e di rivolgersi ai carabinieri di Carrara oppure all&#8217;avvocato Riccardo Martini dello studio Firomini di Massa.<\/p>\n<p>Umberto ha bisogno di aiuto non di violenza gratuita e vile!<\/p>\n","protected":false},"excerpt":{"rendered":"<p>Ieri nella citt\u00e0 in cui vivo non \u00e8 successo niente a nessuno. Ieri nella citt\u00e0 in cui vivo un essere umano in difficolt\u00e0 \u00e8 stato preso a calci. Entrambe le frasi sono paradossalmente vere. A renderle vere \u00e8 il contesto disumanizzato in cui viviamo. Ieri, per davvero, qualcuno \u00e8 stato preso a calci, ma quel [&hellip;]<\/p>\n","protected":false},"author":1,"featured_media":2197,"comment_status":"closed","ping_status":"closed","sticky":false,"template":"","format":"standard","meta":{"footnotes":""},"categories":[626],"tags":[666,669,667,668],"class_list":["post-2195","post","type-post","status-publish","format-standard","has-post-thumbnail","hentry","category-societa","tag-calcio","tag-carrara","tag-clochard","tag-umberto"],"views":1855,"_links":{"self":[{"href":"https:\/\/www.masonmassyjames.it\/blog\/wp-json\/wp\/v2\/posts\/2195","targetHints":{"allow":["GET"]}}],"collection":[{"href":"https:\/\/www.masonmassyjames.it\/blog\/wp-json\/wp\/v2\/posts"}],"about":[{"href":"https:\/\/www.masonmassyjames.it\/blog\/wp-json\/wp\/v2\/types\/post"}],"author":[{"embeddable":true,"href":"https:\/\/www.masonmassyjames.it\/blog\/wp-json\/wp\/v2\/users\/1"}],"replies":[{"embeddable":true,"href":"https:\/\/www.masonmassyjames.it\/blog\/wp-json\/wp\/v2\/comments?post=2195"}],"version-history":[{"count":1,"href":"https:\/\/www.masonmassyjames.it\/blog\/wp-json\/wp\/v2\/posts\/2195\/revisions"}],"predecessor-version":[{"id":2198,"href":"https:\/\/www.masonmassyjames.it\/blog\/wp-json\/wp\/v2\/posts\/2195\/revisions\/2198"}],"wp:featuredmedia":[{"embeddable":true,"href":"https:\/\/www.masonmassyjames.it\/blog\/wp-json\/wp\/v2\/media\/2197"}],"wp:attachment":[{"href":"https:\/\/www.masonmassyjames.it\/blog\/wp-json\/wp\/v2\/media?parent=2195"}],"wp:term":[{"taxonomy":"category","embeddable":true,"href":"https:\/\/www.masonmassyjames.it\/blog\/wp-json\/wp\/v2\/categories?post=2195"},{"taxonomy":"post_tag","embeddable":true,"href":"https:\/\/www.masonmassyjames.it\/blog\/wp-json\/wp\/v2\/tags?post=2195"}],"curies":[{"name":"wp","href":"https:\/\/api.w.org\/{rel}","templated":true}]}}