{"id":2327,"date":"2020-08-05T09:05:22","date_gmt":"2020-08-05T07:05:22","guid":{"rendered":"https:\/\/www.masonmassyjames.it\/blog\/?p=2327"},"modified":"2020-08-05T09:05:22","modified_gmt":"2020-08-05T07:05:22","slug":"mascherine-e-mascherati","status":"publish","type":"post","link":"https:\/\/www.masonmassyjames.it\/blog\/mascherine-e-mascherati\/","title":{"rendered":"Mascherine e mascherati"},"content":{"rendered":"<p><a href=\"https:\/\/www.masonmassyjames.it\/blog\/wp-content\/uploads\/2020\/08\/105643_ppl.jpg\"><img loading=\"lazy\" decoding=\"async\" class=\"aligncenter size-full wp-image-2328\" src=\"https:\/\/www.masonmassyjames.it\/blog\/wp-content\/uploads\/2020\/08\/105643_ppl.jpg\" alt=\"\" width=\"1280\" height=\"720\" srcset=\"https:\/\/www.masonmassyjames.it\/blog\/wp-content\/uploads\/2020\/08\/105643_ppl.jpg 1280w, https:\/\/www.masonmassyjames.it\/blog\/wp-content\/uploads\/2020\/08\/105643_ppl-300x169.jpg 300w, https:\/\/www.masonmassyjames.it\/blog\/wp-content\/uploads\/2020\/08\/105643_ppl-1024x576.jpg 1024w, https:\/\/www.masonmassyjames.it\/blog\/wp-content\/uploads\/2020\/08\/105643_ppl-768x432.jpg 768w\" sizes=\"auto, (max-width: 1280px) 100vw, 1280px\" \/><\/a><\/p>\n<p>Il prolungamento dello stato di emergenza per il Covid-19 ci ha portato qualche bel regalino sottobanco che forse a qualcuno \u00e8 sfuggito.<\/p>\n<p>Primo fra tutti la volont\u00e0 del governo di non rendere pubblici i documenti secretati del Comitato tecnico scientifico della Protezione civile che contengono i pareri dei tecnici usati da Conte per emanare i decreti di marzo e aprile, quelli del lockdown, persino facendo ricorso contro una decisione del Tar che li voleva rendere pubblici.<br \/>\nPar<span class=\"text_exposed_show\">liamo di documenti sulla base dei quali si sono generati degli atti che, come giustamente sottolinea la fondazione Einaudi, \u201channo compresso i diritti e le libert\u00e0 costituzionali per i cittadini come mai nella storia della repubblica\u201d. Eh, niente, secretati. Zitti e basta cos\u00ec.<br \/>\nQuesto alla faccia delle parole che, nell\u2019anniversario della strage di Bologna, ha pronunciato lo stesso Conte ai giornali ovvero \u201cil governo desecreti tutto\u201d. Certo\u2026 a parole.<\/span><\/p>\n<div class=\"text_exposed_show\">\n<p>Il secondo cadeau \u00e8 che, proprio nel decreto pubblicato il 30 luglio scorso che proroga lo stato di emergenza per l\u2019epidemia da coronavirus fino al prossimo 15 ottobre, il governo ha sostituito quattro parole (le \u201cparoline\u201d di cui parlava Grillo quando diceva che in parlamento c\u2019erano uomini Marketing, quanto tempo \u00e8 passato\u2026) contenute nella legge approvata nel 2007 per riformare i servizi segreti. S\u00ec, lo ripeto, i servizi segreti. Cio\u00e8 \u00e8 stata fatta una riforma strutturale che permette un rinnovo oltre i 4 anni dei vertici dei servizi segreti nel decreto emergenza covid.<br \/>\nAd aggravare la cosa, alcuni membri del Copasir (comitato di controllo sull\u2019attivit\u00e0 dell\u2019intelligence) affermano di non essere stati informati della modifica, eppure stiamo parlando di una variazione e di un ambito che prevede la concertazione anche con i partiti della minoranza.<\/p>\n<p>Oh, ma tranquilli, siamo in democrazia e ci sono gli esperti. Questa roba la fanno solo per il nostro bene. Se avete il minimo dubbio siete dei negazionisti gomblottari.<\/p>\n<\/div>\n","protected":false},"excerpt":{"rendered":"<p>Il prolungamento dello stato di emergenza per il Covid-19 ci ha portato qualche bel regalino sottobanco che forse a qualcuno \u00e8 sfuggito. Primo fra tutti la volont\u00e0 del governo di non rendere pubblici i documenti secretati del Comitato tecnico scientifico della Protezione civile che contengono i pareri dei tecnici usati da Conte per emanare i [&hellip;]<\/p>\n","protected":false},"author":1,"featured_media":2328,"comment_status":"closed","ping_status":"closed","sticky":false,"template":"","format":"standard","meta":{"footnotes":""},"categories":[2],"tags":[709,244,711,710],"class_list":["post-2327","post","type-post","status-publish","format-standard","has-post-thumbnail","hentry","category-attivismo-politca","tag-covid","tag-governo","tag-secretato","tag-servizi-sergreti"],"views":1203,"_links":{"self":[{"href":"https:\/\/www.masonmassyjames.it\/blog\/wp-json\/wp\/v2\/posts\/2327","targetHints":{"allow":["GET"]}}],"collection":[{"href":"https:\/\/www.masonmassyjames.it\/blog\/wp-json\/wp\/v2\/posts"}],"about":[{"href":"https:\/\/www.masonmassyjames.it\/blog\/wp-json\/wp\/v2\/types\/post"}],"author":[{"embeddable":true,"href":"https:\/\/www.masonmassyjames.it\/blog\/wp-json\/wp\/v2\/users\/1"}],"replies":[{"embeddable":true,"href":"https:\/\/www.masonmassyjames.it\/blog\/wp-json\/wp\/v2\/comments?post=2327"}],"version-history":[{"count":1,"href":"https:\/\/www.masonmassyjames.it\/blog\/wp-json\/wp\/v2\/posts\/2327\/revisions"}],"predecessor-version":[{"id":2329,"href":"https:\/\/www.masonmassyjames.it\/blog\/wp-json\/wp\/v2\/posts\/2327\/revisions\/2329"}],"wp:featuredmedia":[{"embeddable":true,"href":"https:\/\/www.masonmassyjames.it\/blog\/wp-json\/wp\/v2\/media\/2328"}],"wp:attachment":[{"href":"https:\/\/www.masonmassyjames.it\/blog\/wp-json\/wp\/v2\/media?parent=2327"}],"wp:term":[{"taxonomy":"category","embeddable":true,"href":"https:\/\/www.masonmassyjames.it\/blog\/wp-json\/wp\/v2\/categories?post=2327"},{"taxonomy":"post_tag","embeddable":true,"href":"https:\/\/www.masonmassyjames.it\/blog\/wp-json\/wp\/v2\/tags?post=2327"}],"curies":[{"name":"wp","href":"https:\/\/api.w.org\/{rel}","templated":true}]}}