{"id":2356,"date":"2020-11-13T10:34:44","date_gmt":"2020-11-13T09:34:44","guid":{"rendered":"https:\/\/www.masonmassyjames.it\/blog\/?p=2356"},"modified":"2020-11-12T19:41:15","modified_gmt":"2020-11-12T18:41:15","slug":"da-oppressori-ad-antispecisti","status":"publish","type":"post","link":"https:\/\/www.masonmassyjames.it\/blog\/da-oppressori-ad-antispecisti\/","title":{"rendered":"Da oppressori ad antispecisti"},"content":{"rendered":"<div class=\"kvgmc6g5 cxmmr5t8 oygrvhab hcukyx3x c1et5uql ii04i59q\">\n<div dir=\"auto\"><a href=\"https:\/\/www.masonmassyjames.it\/blog\/wp-content\/uploads\/2020\/11\/311486_344721568957242_337488168_n.jpg\"><img loading=\"lazy\" decoding=\"async\" class=\"aligncenter size-full wp-image-2357\" src=\"https:\/\/www.masonmassyjames.it\/blog\/wp-content\/uploads\/2020\/11\/311486_344721568957242_337488168_n.jpg\" alt=\"\" width=\"720\" height=\"522\" srcset=\"https:\/\/www.masonmassyjames.it\/blog\/wp-content\/uploads\/2020\/11\/311486_344721568957242_337488168_n.jpg 720w, https:\/\/www.masonmassyjames.it\/blog\/wp-content\/uploads\/2020\/11\/311486_344721568957242_337488168_n-300x218.jpg 300w\" sizes=\"auto, (max-width: 720px) 100vw, 720px\" \/><\/a><\/div>\n<div dir=\"auto\">Chi \u00e8 un antispecista? \u00c8 qualcuno che ha realizzato di vivere in una cultura che silenziosamente, nella banalit\u00e0 della quotidianit\u00e0 assunta come normalit\u00e0, lo faceva partecipare attivamente a una delle pi\u00f9 grandi discriminazioni mai esistite: la tortura, sfruttamento e sterminio ingiustificato di miliardi di esseri viventi.<\/div>\n<div dir=\"auto\">\n<p>\u00c8 qualcuno che si \u00e8 reso conto di appartenere a una parte di esseri viventi privilegiati che dominava il resto del vivente e, da quel momento, ha scelto di non volere pi\u00f9 quel privilegio cercando di non esserne pi\u00f9 complice di quel sistema, non solo, si attiva perch\u00e9 anche altri capiscano quello che ha capito lui, perch\u00e9 ci si batta al fine di smantellare l\u2019oppressione sistematica delle altre specie, avendo compreso appieno l\u2019ingiustizia che subiscono queste creature. Infatti, sebbene lui sia un umano e non abbia mai fatto parte delle specie abusate dall\u2019essere umano, \u00e8 pronto a mettere da parte il privilegio umano in cui \u00e8 nato e mettere in campo strategie perch\u00e9 questo privilegio abbia termine globalmente.<\/p>\n<\/div>\n<\/div>\n<div class=\"o9v6fnle cxmmr5t8 oygrvhab hcukyx3x c1et5uql ii04i59q\">\n<div dir=\"auto\">Ecco, nonostante questo, esistono antispecisti che riguardo altre discriminazioni sostengono che, se non fai parte della categoria degli oppressi da quella discriminazione, non devi avere opinioni perch\u00e9 non hai esperienza, competenza, anzi, devi stare zitto. Sostengono che chi non fa parte degli oppressi \u00e8 automaticamente un nemico e che chi ha il privilegio non lo metter\u00e0 mai da parte.<\/div>\n<div dir=\"auto\">Bene, se cos\u00ec fosse, semplicemente, non esisterebbe l\u2019antispecismo. Ogni antispecista \u00e8 la prova che questo modo di vedere le cose \u00e8 miope, sbagliato, \u00e8 la negazione fattuale di come realmente vanno le cose, \u00e8 la visione puerile della realt\u00e0 che deve essere sempre facilmente, religiosamente, divisa in noi-loro, cattivi-buoni.<\/div>\n<div dir=\"auto\">Certo, basterebbe del banale buonsenso per comprendere che una categoria di persone non pu\u00f2 avere torto o ragione a prescindere in base a quale categoria appartiene, che il subire una discriminazione non ti d\u00e0 nessun patentino di ragionevolezza e lungimiranza sul come farla finire e viceversa, che lo sforzo e le opinioni valide e sincere servono a prescindere da dove provengano, che le persone possono e devono cambiare idea anche se appartengono a una classe privilegiata. Certo, basterebbe il buonsenso, ma l\u2019antispecista ha anche una prova di tutto questo quando si guarda allo specchio.<\/div>\n<div dir=\"auto\">Mi domando quanta consapevolezza ci sia in un antispecista che non \u00e8 in grado nemmeno di comprendere i meccanismi alla base del SUO percorso, quando cerca di analizzare i meccanismi di cose che succedono fuori e lontano da s\u00e9. E la risposta mi fa molta paura.<\/div>\n<\/div>\n","protected":false},"excerpt":{"rendered":"<p>Chi \u00e8 un antispecista? \u00c8 qualcuno che ha realizzato di vivere in una cultura che silenziosamente, nella banalit\u00e0 della quotidianit\u00e0 assunta come normalit\u00e0, lo faceva partecipare attivamente a una delle pi\u00f9 grandi discriminazioni mai esistite: la tortura, sfruttamento e sterminio ingiustificato di miliardi di esseri viventi. \u00c8 qualcuno che si \u00e8 reso conto di appartenere [&hellip;]<\/p>\n","protected":false},"author":1,"featured_media":2357,"comment_status":"closed","ping_status":"closed","sticky":false,"template":"","format":"standard","meta":{"footnotes":""},"categories":[614],"tags":[329,211,734],"class_list":["post-2356","post","type-post","status-publish","format-standard","has-post-thumbnail","hentry","category-antispecismo","tag-antispecismo","tag-diritti","tag-oppressione"],"views":1161,"_links":{"self":[{"href":"https:\/\/www.masonmassyjames.it\/blog\/wp-json\/wp\/v2\/posts\/2356","targetHints":{"allow":["GET"]}}],"collection":[{"href":"https:\/\/www.masonmassyjames.it\/blog\/wp-json\/wp\/v2\/posts"}],"about":[{"href":"https:\/\/www.masonmassyjames.it\/blog\/wp-json\/wp\/v2\/types\/post"}],"author":[{"embeddable":true,"href":"https:\/\/www.masonmassyjames.it\/blog\/wp-json\/wp\/v2\/users\/1"}],"replies":[{"embeddable":true,"href":"https:\/\/www.masonmassyjames.it\/blog\/wp-json\/wp\/v2\/comments?post=2356"}],"version-history":[{"count":2,"href":"https:\/\/www.masonmassyjames.it\/blog\/wp-json\/wp\/v2\/posts\/2356\/revisions"}],"predecessor-version":[{"id":2363,"href":"https:\/\/www.masonmassyjames.it\/blog\/wp-json\/wp\/v2\/posts\/2356\/revisions\/2363"}],"wp:featuredmedia":[{"embeddable":true,"href":"https:\/\/www.masonmassyjames.it\/blog\/wp-json\/wp\/v2\/media\/2357"}],"wp:attachment":[{"href":"https:\/\/www.masonmassyjames.it\/blog\/wp-json\/wp\/v2\/media?parent=2356"}],"wp:term":[{"taxonomy":"category","embeddable":true,"href":"https:\/\/www.masonmassyjames.it\/blog\/wp-json\/wp\/v2\/categories?post=2356"},{"taxonomy":"post_tag","embeddable":true,"href":"https:\/\/www.masonmassyjames.it\/blog\/wp-json\/wp\/v2\/tags?post=2356"}],"curies":[{"name":"wp","href":"https:\/\/api.w.org\/{rel}","templated":true}]}}