{"id":2385,"date":"2021-01-09T15:43:58","date_gmt":"2021-01-09T14:43:58","guid":{"rendered":"https:\/\/www.masonmassyjames.it\/blog\/?p=2385"},"modified":"2021-01-09T22:36:25","modified_gmt":"2021-01-09T21:36:25","slug":"bologna-fu-strage-di-stato","status":"publish","type":"post","link":"https:\/\/www.masonmassyjames.it\/blog\/bologna-fu-strage-di-stato\/","title":{"rendered":"Bologna: Fu strage di stato!"},"content":{"rendered":"<p><a href=\"https:\/\/www.masonmassyjames.it\/blog\/wp-content\/uploads\/2021\/01\/137204834_2822588894644005_4723215472097190840_n.png\"><img loading=\"lazy\" decoding=\"async\" class=\"aligncenter size-full wp-image-2386\" src=\"https:\/\/www.masonmassyjames.it\/blog\/wp-content\/uploads\/2021\/01\/137204834_2822588894644005_4723215472097190840_n.png\" alt=\"\" width=\"646\" height=\"590\" srcset=\"https:\/\/www.masonmassyjames.it\/blog\/wp-content\/uploads\/2021\/01\/137204834_2822588894644005_4723215472097190840_n.png 646w, https:\/\/www.masonmassyjames.it\/blog\/wp-content\/uploads\/2021\/01\/137204834_2822588894644005_4723215472097190840_n-300x274.png 300w\" sizes=\"auto, (max-width: 646px) 100vw, 646px\" \/><\/a><\/p>\n<p>Nel silenzio pi\u00f9 assordante dei media mainstream, sono state emesse le motivazioni della sentenza, avvenuta un anno fa, della Corte d&#8217;Assise per l&#8217;ergastolo a Cavallini, uno dei NAR che ha fatto parte della strage di Bologna, agosto 1980:<br \/>\n&#8220;Il dilemma se la strage alla stazione di Bologna sia stata una strage &#8216;comune&#8217; o una strage &#8216;politica&#8217; non esiste. Non esiste in radice, perch\u00e9 si \u00e8 trattato di una strage politica, o, pi\u00f9 esattamente di una STRAGE DI STATO&#8221;.<\/p>\n<p>E ancora:<br \/>\n&#8220;I depistaggi da parte di organi dello Stato sono stati LA REGOLA che ha contraddistinto tutte le pi\u00f9 gravi stragi commesse nel nostro Paese dal 1969 al 1980 (Piazza Fontana, treno di Gioia Tauro, Questura di Milano, Piazza della Loggia, treno Italicus, Ustica e stazione di Bologna), e questa \u00e8 gi\u00e0 la prova, in re ipsa, del fatto che agli autori andava accordata protezione da parte dello stesso Stato \u2013 si legge nelle motivazioni -. Si \u00e8 quindi trattato di un DISEGNO COSTANTE, unitario, \u2018bloccato\u2019 e prolungato nel tempo, segno inequivocabile di un rapporto di RECIPROCA DIPENDENZA fra formazioni criminali e apparati statuali, complici di una strategia concepita a livello alto. Molto alto. Alle stragi vanno aggiunti i vari colpi di Stato, tentati o minacciati (Piano Solo, golpe Borghese, golpe Bianco), i tanti attentati a treni che potevano risolversi in altrettante stragi (da quelli ai treni della primavera e dell\u2019agosto del 1969, all\u2019attentato dell\u2019aprile del 1973 al treno Torino Roma, ai due quasi dimenticati di Vaiano nel 1974, di Terontola del 1975, a quello di Silvi Marina nel 1974), l\u2019esistenza di una entit\u00e0 segreta come la P2 che gi\u00e0 aveva fagocitato una serie di vertici dello Stato e stava gradualmente \u2018metastatizzando\u2019 tutte le istituzioni del Paese, i rapporti fra terrorismo, mafia, e \u2018ndrangheta. Non \u00e8 certo un caso che strutture come \u2018Gladio\u2019 e \u2018Anello\u2019 siano rimaste totalmente OCCULTE fino agli anni Novanta, e siano emerse SOLO DOPO che lo scacchiere internazionale si \u00e8 \u2018sbloccato\u2019. Che non si tratti, non si sia trattato di \u2018spontaneismo\u2019, lo si comprende anche alla luce di questi quasi quarant\u2019anni trascorsi. Nulla \u00e8 cambiato, ma tutto sopravvive.\u201d.<\/p>\n<p>E ancora:<br \/>\n\u201c&#8230;tutti i depistaggi che hanno contraddistinto le stragi e i delitti eccellenti avvenuti in Italia costituiscono un\u2019altra prova dell\u2019esistenza in Italia del cosiddetto deep State, ossia un insieme di organismi militari, economici, politici, associativi, pi\u00f9 o meno legali, dalla contiguit\u00e0 pi\u00f9 o meno sommersa, e trasversali, che CONDIZIONANO IN MODO OCCULTO le strategie di potere, servendosi degli organi rappresentativi come schermo\u201d.<\/p>\n<p>&#8230;seh vabbeh oh gombloddoh ahahahah!!11!1!<\/p>\n<p>Questo significa che la terra \u00e8 piatta, che Trump \u00e8 il liberatore del mondo, che nei vaccini c&#8217;\u00e8 il 5G o che gli alieni ci mandano messaggi attraverso sedute spiritiche effettuabili grazie agli scii chimiki? No. Significa solo che esistono sia teorie assurde e ridicole portate avanti da pochi facinorosi che si bevono qualsiasi cosa senza verificare ed esistono anche i complotti, anzi, in un sistema capitalista, oligarchico, gerarchico, i complotti sono LA NORMALITA&#8217;.<br \/>\nIl fatto che qualche teoria strampalata sia il passe-partout per poi ridicolizzare qualsiasi tesi o teoria del complotto, o persino il portare alla luce delle incongruenze o sollevare dubbi, \u00e8 semplicemente un&#8217;idiozia, un&#8217;idiozia molto pericolosa perch\u00e9 crea un tessuto culturale connivente con le porcate dei potentati e chi ci casca non \u00e8 diverso dal clich\u00e9 del complottaro con la stagnola sulla testa se non con la differenza che quest&#8217;ultimo \u00e8 solo un buffo e colorito pagliaccio praticamente innocuo, il primo invece si rende complice di fatti agghiaccianti, uccisioni, stragi e giochi di potere.<br \/>\nVedere persone intelligenti, libertarie o persino anarchiche avere paura, PAURA!, di mettere in luce le infinite cose che non tornano OGGI della narrazione ufficiale su qualsivoglia argomento \u00e8 l&#8217;emblema di come pu\u00f2 avvenire una efficacissima domesticazione al potere grazie alla propaganda.\u00a0<\/p>\n<p><a href=\"https:\/\/www.antimafiaduemila.com\/home\/mafie-news\/309-topnews\/81633-strage-bologna-i-giudici-fu-strage-politica-e-di-stato.html\">https:\/\/www.antimafiaduemila.com\/home\/mafie-news\/309-topnews\/81633-strage-bologna-i-giudici-fu-strage-politica-e-di-stato.html<\/a><\/p>\n<p><a href=\"https:\/\/www.ilfattoquotidiano.it\/2021\/01\/08\/quella-di-bologna-fu-una-strage-di-stato-nar-compromessi-coi-servizi-segreti-i-depistaggi-sono-stati-la-regola-da-piazza-fontana-a-ustica\/6059235\/\">https:\/\/www.ilfattoquotidiano.it\/2021\/01\/08\/quella-di-bologna-fu-una-strage-di-stato-nar-compromessi-coi-servizi-segreti-i-depistaggi-sono-stati-la-regola-da-piazza-fontana-a-ustica\/6059235\/<\/a><\/p>\n","protected":false},"excerpt":{"rendered":"<p>Nel silenzio pi\u00f9 assordante dei media mainstream, sono state emesse le motivazioni della sentenza, avvenuta un anno fa, della Corte d&#8217;Assise per l&#8217;ergastolo a Cavallini, uno dei NAR che ha fatto parte della strage di Bologna, agosto 1980: &#8220;Il dilemma se la strage alla stazione di Bologna sia stata una strage &#8216;comune&#8217; o una strage [&hellip;]<\/p>\n","protected":false},"author":1,"featured_media":2386,"comment_status":"closed","ping_status":"closed","sticky":false,"template":"","format":"standard","meta":{"footnotes":""},"categories":[2],"tags":[746,161,749,748,747],"class_list":["post-2385","post","type-post","status-publish","format-standard","has-post-thumbnail","hentry","category-attivismo-politca","tag-bologna","tag-complotto","tag-deep-state","tag-sentenza","tag-strage"],"views":981,"_links":{"self":[{"href":"https:\/\/www.masonmassyjames.it\/blog\/wp-json\/wp\/v2\/posts\/2385","targetHints":{"allow":["GET"]}}],"collection":[{"href":"https:\/\/www.masonmassyjames.it\/blog\/wp-json\/wp\/v2\/posts"}],"about":[{"href":"https:\/\/www.masonmassyjames.it\/blog\/wp-json\/wp\/v2\/types\/post"}],"author":[{"embeddable":true,"href":"https:\/\/www.masonmassyjames.it\/blog\/wp-json\/wp\/v2\/users\/1"}],"replies":[{"embeddable":true,"href":"https:\/\/www.masonmassyjames.it\/blog\/wp-json\/wp\/v2\/comments?post=2385"}],"version-history":[{"count":2,"href":"https:\/\/www.masonmassyjames.it\/blog\/wp-json\/wp\/v2\/posts\/2385\/revisions"}],"predecessor-version":[{"id":2390,"href":"https:\/\/www.masonmassyjames.it\/blog\/wp-json\/wp\/v2\/posts\/2385\/revisions\/2390"}],"wp:featuredmedia":[{"embeddable":true,"href":"https:\/\/www.masonmassyjames.it\/blog\/wp-json\/wp\/v2\/media\/2386"}],"wp:attachment":[{"href":"https:\/\/www.masonmassyjames.it\/blog\/wp-json\/wp\/v2\/media?parent=2385"}],"wp:term":[{"taxonomy":"category","embeddable":true,"href":"https:\/\/www.masonmassyjames.it\/blog\/wp-json\/wp\/v2\/categories?post=2385"},{"taxonomy":"post_tag","embeddable":true,"href":"https:\/\/www.masonmassyjames.it\/blog\/wp-json\/wp\/v2\/tags?post=2385"}],"curies":[{"name":"wp","href":"https:\/\/api.w.org\/{rel}","templated":true}]}}