{"id":2405,"date":"2021-03-06T11:41:23","date_gmt":"2021-03-06T10:41:23","guid":{"rendered":"https:\/\/www.masonmassyjames.it\/blog\/?p=2405"},"modified":"2021-03-06T11:41:23","modified_gmt":"2021-03-06T10:41:23","slug":"sentenza-del-tar-del-lazio-che-boccia-i-protocolli-aifa-di-cura-al-covid-19","status":"publish","type":"post","link":"https:\/\/www.masonmassyjames.it\/blog\/sentenza-del-tar-del-lazio-che-boccia-i-protocolli-aifa-di-cura-al-covid-19\/","title":{"rendered":"Sentenza del Tar del Lazio che boccia i protocolli AIFA di cura al Covid-19"},"content":{"rendered":"<div class=\"kvgmc6g5 cxmmr5t8 oygrvhab hcukyx3x c1et5uql ii04i59q\">\n<div dir=\"auto\"><a href=\"https:\/\/www.masonmassyjames.it\/blog\/wp-content\/uploads\/2021\/03\/157960162_2860896464146581_568097375492919407_n.png\"><img loading=\"lazy\" decoding=\"async\" class=\"aligncenter size-full wp-image-2406\" src=\"https:\/\/www.masonmassyjames.it\/blog\/wp-content\/uploads\/2021\/03\/157960162_2860896464146581_568097375492919407_n.png\" alt=\"\" width=\"781\" height=\"251\" srcset=\"https:\/\/www.masonmassyjames.it\/blog\/wp-content\/uploads\/2021\/03\/157960162_2860896464146581_568097375492919407_n.png 781w, https:\/\/www.masonmassyjames.it\/blog\/wp-content\/uploads\/2021\/03\/157960162_2860896464146581_568097375492919407_n-300x96.png 300w, https:\/\/www.masonmassyjames.it\/blog\/wp-content\/uploads\/2021\/03\/157960162_2860896464146581_568097375492919407_n-768x247.png 768w\" sizes=\"auto, (max-width: 781px) 100vw, 781px\" \/><\/a><\/div>\n<div dir=\"auto\">\u00c8 di ieri l\u2019altro, 4 marzo 2021, la notizia che il Tar del Lazio ha accolto un\u2019istanza cautelare nei confronti del Ministero della Salute e dell\u2019Aifa (Agenzia Italiana del Farmaco), BOCCIANDO la nota dell\u2019Aifa del 9 dicembre scorso che conteneva i \u201cprincipi di gestione dei casi Covid-19 nel setting domiciliare\u201d e in cui si stabiliva il protocollo sanitario da applicare nei primi giorni di malattia, applicato diffusamente in tutta Italia. Il protocollo consiste in una \u201cvigile attesa\u201d e la somministrazione di Fans e paracetamolo o dell\u2019eparina, con l\u2019esclusivo scopo di trattare gli stati febbrili dei pazienti allettati ed esortando a non utilizzare altri farmaci, (prescritti generalmente dai medici di medicina generale) per la cura del coronavirus. Con questa sentenza invece il Tar del Lazio boccia il protocollo e sancisce la possibilit\u00e0 per i medici di poter prescrivere le terapie ritenute pi\u00f9 opportune \u201cin scienza e coscienza\u201d.<\/p>\n<\/div>\n<\/div>\n<div class=\"o9v6fnle cxmmr5t8 oygrvhab hcukyx3x c1et5uql ii04i59q\">\n<div dir=\"auto\">Questa sentenza dovrebbe finalmente mettere a tacere tutti coloro che erano pronti a puntare il dito per ridicolizzare o etichettare come \u201cnegazionista\u201d o \u201ccomplottista\u201d chiunque mettesse in discussione i protocolli utilizzati fino ad oggi per gestire questa emergenza sanitaria i cui risultati, dopo un anno, sono sotto gli occhi di tutti. E dovrebbe, di conseguenza, indurre a porsi delle domande e magari fare un passo indietro rispetto al clima di tensione e di sospetto verso chiunque sollevi dubbi, un sospetto che serpeggia da ormai pi\u00f9 di un anno e che sembra averci messi tutti contro tutti, privandoci di una visione lucida e serena, quando invece cercare insieme le risposte sarebbe interesse di tutti, specialmente di chi \u00e8 stato colpito in prima persona e negli affetti pi\u00f9 cari da questo virus e che per questo merita verit\u00e0 e risposte forse pi\u00f9 di chiunque altro.<\/div>\n<div dir=\"auto\">A chi giova davvero questo clima di terrore alimentato ogni giorno a suon di numeri e di varianti-spauracchio? Possibile che si inneggi alla responsabilit\u00e0 solo quando c\u2019\u00e8 da far tacere qualcuno che solleva un dubbio, mentre la responsabilit\u00e0 sembra non esistere quando si confezionano servizi TG, ad esempio, che parlano di zone \u201cliberate dal covid\u201d grazie ai vaccini quando ai residenti hanno somministrato una sole dose e comunque dovranno attenersi a tutte le misure di contenimento del virus, oppure quando si paventa l\u2019idea di un passaporto vaccinale quando nessuno studio ha dimostrato che i vaccini impediscano la trasmissione del virus e quindi stiamo parlando di una ennesima restrizione personale gravissima senza che ci sia alcuna base scientifica. Se c\u2019\u00e8 da essere responsabili, attenti e prudenti lo si deve essere sempre, se lo si \u00e8 a fasi alterne non stiamo parlando di responsabilit\u00e0, di attenzione n\u00e9 di prudenza ma solo di assuefazione alla propaganda e appiattimento del senso critico. Insomma qualcosa di pericoloso tanto quanto un virus se non di pi\u00f9.<\/div>\n<div dir=\"auto\">Perch\u00e9 i medici hanno continuato a seguire un protocollo errato? Per un semplice motivo: per paura e obbedienza. In questo clima di terrore ogni medico ha paura a scostarsi dai protocolli e la maggior parte finisce per seguire fideisticamente, ciecamente quello che viene indicato, anche quando ha dei dubbi o sa benissimo di fare una cosa sbagliata. D\u2019altronde chi esterna questi dubbi viene sanzionato o radiato. Questo clima potrebbe aver pesato tantissimo sul bilancio dei morti. Di chi \u00e8 questa responsabilit\u00e0? Possiamo parlarne oppure anche questo deve essere taciuto pena l\u2019etichetta di negazionismo e il sotterramento sotto tonnellate di retorica?<\/div>\n<div dir=\"auto\">Chiedetevi anche perch\u00e9, nonostante ormai il 95% delle notizie ormai verte solo sul coronavirus, persino quando si parla di calcio si parla del coronavirus nel calcio, la notizia che un tribunale abbia riconosciuto non idoneo un protocollo di cura per il covid usato in tutta Italia su milioni di persone sia passata completamente in sordina.<\/div>\n<div dir=\"auto\">Questa sentenza dovrebbe aiutarci a riportare l\u2019attenzione su domande fondamentali, a capire quanto sia utile non prendere mai per oro colato tutto ci\u00f2 che viene stabilito dall\u2019alto senza prendere in esame anche le alternative esistenti. A chiedersi se davvero se ci\u00f2 che \u00e8 stato fatto (e raccontato) fino ad oggi sia davvero servito, se il superamento dell\u2019emergenza passasse necessariamente dalle restrizioni e dalle chiusure o se la priorit\u00e0 non fosse un vero investimento sulla medicina del territorio e sulle terapie domiciliari tempestive che si sono rivelate pi\u00f9 efficaci e risolutive di una sgangherata campagna vaccinale che, ad oggi, porta con s\u00e9 pi\u00f9 incertezze che soluzioni.<\/p>\n<\/div>\n<\/div>\n<div class=\"o9v6fnle cxmmr5t8 oygrvhab hcukyx3x c1et5uql ii04i59q\">\n<div dir=\"auto\">Il comitato che ha promosso l\u2019istanza che ha portato a questa sentenza \u00e8 il \u201cComitato Cura Domiciliare Covid-19\u201d per opera dell\u2019avvocato Erich Grimaldi, presidente del Comitato, affiancato dalla collega Valentina Piraino. Composto da medici, infermieri, personale ospedaliero, psicologi e semplici cittadini, i membri del comitato sostengono l\u2019assoluta urgenza di affrontare la malattia ai primi sintomi nella propria casa, evitando cos\u00ec in molti casi un peggioramento verso una forma pi\u00f9 grave che costringe al ricovero in ospedale. Chiedono l\u2019istituzione di un protocollo nazionale di cura domiciliare tempestiva e che venga rafforzata la medicina territoriale, anche attraverso la creazione in ogni Regione delle unit\u00e0 mediche pubbliche di diagnosi e cura domiciliare del covid-19 (USCA) previste dalla legge nazionale, ma istituite solo in alcune Regioni. Sono mesi che i medici aderenti al comitato aiutano i malati di covid19 che si trovano a casa attraverso un supporto in rete totalmente volontario e gratuito, erogato 24 ore su 24, tramite la pagina Facebook del comitato, dando peraltro un contributo fondamentale ad evitare il collasso del servizio sanitario pubblico a causa di un afflusso disordinato nei pronto soccorso degli ospedali.<\/div>\n<\/div>\n<div class=\"o9v6fnle cxmmr5t8 oygrvhab hcukyx3x c1et5uql ii04i59q\">\n<div dir=\"auto\">Vi consiglio di seguire questo comitato e di restare aggiornati.<\/p>\n<\/div>\n<\/div>\n<div class=\"o9v6fnle cxmmr5t8 oygrvhab hcukyx3x c1et5uql ii04i59q\">\n<div dir=\"auto\">Scritto in collaborazione con Francesca Geloni<\/p>\n<\/div>\n<\/div>\n<div class=\"o9v6fnle cxmmr5t8 oygrvhab hcukyx3x c1et5uql ii04i59q\">\n<div dir=\"auto\">link utili<\/div>\n<div dir=\"auto\">sentenza: <a class=\"oajrlxb2 g5ia77u1 qu0x051f esr5mh6w e9989ue4 r7d6kgcz rq0escxv nhd2j8a9 nc684nl6 p7hjln8o kvgmc6g5 cxmmr5t8 oygrvhab hcukyx3x jb3vyjys rz4wbd8a qt6c0cv9 a8nywdso i1ao9s8h esuyzwwr f1sip0of lzcic4wl py34i1dx gpro0wi8\" tabindex=\"0\" role=\"link\" href=\"https:\/\/l.facebook.com\/l.php?u=https%3A%2F%2Fbit.ly%2F3sVlOyy%3Ffbclid%3DIwAR2s7_LJ_M24dWbIQshKrgmGAPLTTcqbV7TFJdZ5sRpP70iud1q4NJOuNuU&amp;h=AT1ZHS2iVA9-zvdLXNwkeO_D95v_rKStvcnxMNOZAwcusZxvv9qTc8gFfUdmSZJEWxEsOl7w18zdc6CpuUKKOZgC9JJVw7txkkE688noU023PdW8PIUIL1bXikFNSncTMA&amp;__tn__=-UK-R&amp;c[0]=AT2Gb4Bt0NyomGiT70P_RYU45k_eQ0yxYFOJapWOvek34AIjuiLEn9Q3nqDEzUoUi5zPgp_FVKxKSlIdVZnd9oEJVNoT1LbGC2DInJpOGVTlxcZjBzOJW173OSJ4y_07Tk4nsKRtujFWHWVxAqBqu8a5X9QkltHQX4avQGV87lCjhtSOUoA\" target=\"_blank\" rel=\"nofollow noopener\">https:\/\/bit.ly\/3sVlOyy<\/a><\/div>\n<div dir=\"auto\">sito del comitato: <a class=\"oajrlxb2 g5ia77u1 qu0x051f esr5mh6w e9989ue4 r7d6kgcz rq0escxv nhd2j8a9 nc684nl6 p7hjln8o kvgmc6g5 cxmmr5t8 oygrvhab hcukyx3x jb3vyjys rz4wbd8a qt6c0cv9 a8nywdso i1ao9s8h esuyzwwr f1sip0of lzcic4wl py34i1dx gpro0wi8\" tabindex=\"0\" role=\"link\" href=\"https:\/\/l.facebook.com\/l.php?u=https%3A%2F%2Fwww.terapiadomiciliarecovid19.org%2F%3Ffbclid%3DIwAR2mjiUtVmTJxdqidpU3AN2CPbwnotPpEXfbWdw-Fst-X2NCEjp3D_iJB4Y&amp;h=AT31mRmMiYrgtJAPh6umNLN_OoDyZ-rYn8Ruu1lXdkj5BRpdwNY5dKgdB_MMzOHxKPzdHfqTue6SXvOgHlMRoA_BbWhDi2027hsqr-9ijKEgC1Se1wsnkUlGt8u4JtkVFA&amp;__tn__=-UK-R&amp;c[0]=AT2Gb4Bt0NyomGiT70P_RYU45k_eQ0yxYFOJapWOvek34AIjuiLEn9Q3nqDEzUoUi5zPgp_FVKxKSlIdVZnd9oEJVNoT1LbGC2DInJpOGVTlxcZjBzOJW173OSJ4y_07Tk4nsKRtujFWHWVxAqBqu8a5X9QkltHQX4avQGV87lCjhtSOUoA\" target=\"_blank\" rel=\"nofollow noopener\">https:\/\/www.terapiadomiciliarecovid19.org\/<\/a><\/div>\n<div dir=\"auto\">pagina FB del comitato:<\/p>\n<div class=\"nc684nl6\"><a href=\"https:\/\/www.facebook.com\/terapiadomiciliarecovid19\">https:\/\/www.facebook.com\/terapiadomiciliarecovid19<\/a><\/div>\n<\/div>\n<\/div>\n","protected":false},"excerpt":{"rendered":"<p>\u00c8 di ieri l\u2019altro, 4 marzo 2021, la notizia che il Tar del Lazio ha accolto un\u2019istanza cautelare nei confronti del Ministero della Salute e dell\u2019Aifa (Agenzia Italiana del Farmaco), BOCCIANDO la nota dell\u2019Aifa del 9 dicembre scorso che conteneva i \u201cprincipi di gestione dei casi Covid-19 nel setting domiciliare\u201d e in cui si stabiliva [&hellip;]<\/p>\n","protected":false},"author":1,"featured_media":2406,"comment_status":"closed","ping_status":"closed","sticky":false,"template":"","format":"standard","meta":{"footnotes":""},"categories":[2,642],"tags":[695,748,755,756],"class_list":["post-2405","post","type-post","status-publish","format-standard","has-post-thumbnail","hentry","category-attivismo-politca","category-tecnologia","tag-covid-19","tag-sentenza","tag-tar","tag-vigile-attesa"],"views":1860,"_links":{"self":[{"href":"https:\/\/www.masonmassyjames.it\/blog\/wp-json\/wp\/v2\/posts\/2405","targetHints":{"allow":["GET"]}}],"collection":[{"href":"https:\/\/www.masonmassyjames.it\/blog\/wp-json\/wp\/v2\/posts"}],"about":[{"href":"https:\/\/www.masonmassyjames.it\/blog\/wp-json\/wp\/v2\/types\/post"}],"author":[{"embeddable":true,"href":"https:\/\/www.masonmassyjames.it\/blog\/wp-json\/wp\/v2\/users\/1"}],"replies":[{"embeddable":true,"href":"https:\/\/www.masonmassyjames.it\/blog\/wp-json\/wp\/v2\/comments?post=2405"}],"version-history":[{"count":1,"href":"https:\/\/www.masonmassyjames.it\/blog\/wp-json\/wp\/v2\/posts\/2405\/revisions"}],"predecessor-version":[{"id":2407,"href":"https:\/\/www.masonmassyjames.it\/blog\/wp-json\/wp\/v2\/posts\/2405\/revisions\/2407"}],"wp:featuredmedia":[{"embeddable":true,"href":"https:\/\/www.masonmassyjames.it\/blog\/wp-json\/wp\/v2\/media\/2406"}],"wp:attachment":[{"href":"https:\/\/www.masonmassyjames.it\/blog\/wp-json\/wp\/v2\/media?parent=2405"}],"wp:term":[{"taxonomy":"category","embeddable":true,"href":"https:\/\/www.masonmassyjames.it\/blog\/wp-json\/wp\/v2\/categories?post=2405"},{"taxonomy":"post_tag","embeddable":true,"href":"https:\/\/www.masonmassyjames.it\/blog\/wp-json\/wp\/v2\/tags?post=2405"}],"curies":[{"name":"wp","href":"https:\/\/api.w.org\/{rel}","templated":true}]}}