{"id":2427,"date":"2021-08-08T17:09:42","date_gmt":"2021-08-08T15:09:42","guid":{"rendered":"https:\/\/www.masonmassyjames.it\/blog\/?p=2427"},"modified":"2021-10-15T19:39:54","modified_gmt":"2021-10-15T17:39:54","slug":"no-green-pass-video-del-mio-intervento-alla-manifestazione-di-massa-07-08-2020","status":"publish","type":"post","link":"https:\/\/www.masonmassyjames.it\/blog\/no-green-pass-video-del-mio-intervento-alla-manifestazione-di-massa-07-08-2020\/","title":{"rendered":"No Green Pass &#8211; Video del mio intervento alla Manifestazione di Massa 07\/08\/2021"},"content":{"rendered":"<div dir=\"auto\">Il mio intervento alla manifestazione contro il Green Pass di ieri sabato 07\/08\/2021.<\/div>\n<div dir=\"auto\">Grazie a tutte le persone che hanno partecipato e agli organizzatori!<\/div>\n<p><a href=\"https:\/\/youtu.be\/LyqrlGITEtA\">https:\/\/youtu.be\/LyqrlGITEtA<\/a><\/p>\n<p>TESTO:<\/p>\n<div class=\"o9v6fnle cxmmr5t8 oygrvhab hcukyx3x c1et5uql ii04i59q\">\n<div dir=\"auto\">Salve a tutti, vorrei iniziare ponendo qualche domanda a chi pensa che tutto quello che sta succedendo sia normale.<\/div>\n<div dir=\"auto\">La prima che mi viene in mente \u00e8 questa: ma cos\u2019altro deve succedere per farvi venire uno straccio di dubbio? Perch\u00e9 se li aveste dei dubbi e li aveste esternati, non ci sarebbe bisogno di tutto questo.<\/div>\n<\/div>\n<div class=\"o9v6fnle cxmmr5t8 oygrvhab hcukyx3x c1et5uql ii04i59q\">\n<div dir=\"auto\">Quindi a me viene da chiedervi:<\/div>\n<div dir=\"auto\">Vi sembra normale che, senza alcun tipo di studio, si sia consigliato di usare marche diverse di vaccino? E questo per mettere una pezza ai casini venuti fuori con Astrazeneca, somministrato senza seguire le linee guida, causando, per quanto se ne sa, anche la morte di una ragazzina di 18 anni. Dove sono i responsabili?<\/div>\n<div dir=\"auto\">Vi sembra normale che abbiano vietato le autopsie quando queste avrebbero aiutato a capire i sintomi e quindi a curare le persone? Che nella conta dei morti covid e dei ricoverati covid rientrano anche persone morte o ricoverate NON per covid? E che poi questi numeri, che non danno il reale polso della situazione, vengano usati per giustificare delle scelte politiche?<\/div>\n<div dir=\"auto\">Vi sembra normale che il presidente del consiglio abbia spudoratamente mentito alla nazione in diretta tv affermando che col Green Pass avremo la certezza di frequentare luoghi dove non ci saranno persone contagiose? Come descrivereste il lasciar correre una menzogna detta da un uomo di potere che pu\u00f2 decidere delle nostre vite mentre magari ci si accanisce contro Mario Rossi che esprime un dubbio sui vaccini su Facebook? Lascio trovare a voi la definizione.<\/div>\n<div dir=\"auto\">E ancora: vaccini garantiti contro le varianti ma le varianti non lo sanno e continuano a diffondersi, una dose, due dosi, forse tre dosi, forse tre all\u2019anno, forse per sempre\u2026 Tutto normale?<\/div>\n<\/div>\n<div class=\"o9v6fnle cxmmr5t8 oygrvhab hcukyx3x c1et5uql ii04i59q\">\n<div dir=\"auto\">Il fatto \u00e8 che, dietro la presunta razionalit\u00e0, intelligenza, preoccupazione per le fasce deboli, stare attenti alle bufale, verificare le fonti, seguire quello che dice la scienza, ecc. c\u2019\u00e8 solo la difesa di un\u2019ideologia e di tutto quello che corrobora quella ideologia.<\/div>\n<div dir=\"auto\">E che sia un\u2019ideologia si vede proprio da misure come il Green Pass o come il coprifuoco.<\/div>\n<div dir=\"auto\">Ve lo hanno detto anche in faccia:<\/div>\n<div dir=\"auto\">L\u2019immunologa Antonella Viola ha affermato sul Messaggero, 4 Novembre 2020, che il coprifuoco non ha una ragione scientifica ma serve a ricordarci che dobbiamo fare rinunce.<\/div>\n<div dir=\"auto\">Il mircobiologo Crisanti intervistato a LA7 ha affermato \u201cIl Green Pass non \u00e8 uno strumento di sanit\u00e0 pubblica, non esiste nessuna prova che il suo uso modifichi la trasmissione. Il Green Pass serve a convincere le persone a vaccinarsi\u201d<\/div>\n<div dir=\"auto\">Ma questo era chiaro: se il problema fosse davvero il contagio, sarebbe bastato continuare con il distanziamento (tra l\u2019altro moltissimi esercenti erano anche stati obbligati ad attrezzarsi per questo, quindi non eravamo impreparati) e per i pochi malati gravi si sarebbero adottate delle cure valide, in ospedali migliorati. Ma evidentemente non \u00e8 questo quello che si vuole.<\/div>\n<\/div>\n<div class=\"o9v6fnle cxmmr5t8 oygrvhab hcukyx3x c1et5uql ii04i59q\">\n<div dir=\"auto\">Certo, si usa la retorica del \u201cfacciamo ripartire l\u2019economia\u201d ma il Green Pass \u00e8 richiesto anche per entrare nelle biblioteche, nei concorsi pubblici, persino per frequentare l\u2019universit\u00e0. E se non bastasse questo, come sono stati originariamente destinati i fondi del Recovery Fund?<\/div>\n<div dir=\"auto\">9 miliardi alla sanit\u00e0 e 45 alla digitalizzazione. Domando: questo \u00e8 il budget di spesa di uno stato che ha come priorit\u00e0 la cura dei cittadini o il loro controllo?<\/div>\n<\/div>\n<div class=\"o9v6fnle cxmmr5t8 oygrvhab hcukyx3x c1et5uql ii04i59q\">\n<div dir=\"auto\">Allora qui non siamo davanti a misure sanitarie, siamo davanti a misure politiche. Siamo davanti a delle opinioni. E sulla base delle opinioni non si pu\u00f2 limitare la libert\u00e0 delle persone.<\/div>\n<div dir=\"auto\">Il Green Pass non \u00e8 una misura anticontagio, semplicemente \u00e8 una misura di obbedienza a un trattamento sanitario che non ha niente a che fare con il contagio.<\/div>\n<div dir=\"auto\">Se qualcuno mi vuole convincere di qualcosa, io devo essere convinto con misure che abbiano una logica, dati chiari, atti trasparenti, a maggior ragione se questo qualcuno \u00e8 un governo o una cazzo di multinazionale.<\/div>\n<div dir=\"auto\">A prescindere, se io ti dico che se vuoi continuare a lavorare ti serve uno strumento che si basa su una opinione, io non ti sto incentivando n\u00e9 convincendo, io ti sto ricattando.<\/div>\n<\/div>\n<div class=\"o9v6fnle cxmmr5t8 oygrvhab hcukyx3x c1et5uql ii04i59q\">\n<div dir=\"auto\">Del resto, siamo arrivati a un clima da stadio che ha distrutto completamente il dialogo, a una violenza verbale mostruosa.<\/div>\n<div dir=\"auto\">E quando non \u00e8 violenza verbale si usano etichette vuote che qualificano solo chi le usa.<\/div>\n<div dir=\"auto\">Esempio recentissimo: ieri un consigliere comunale ha scritto una lettera al prefetto allarmato da questa manifestazione e, tra le argomentazioni di altissimo livello, c\u2019era anche questo testuale sillogismo: \u201cNo Green Pass = No-vax\u201d<\/div>\n<div dir=\"auto\">Allora vorrei avvisare tutti dell\u2019esistenza di una enorme organizzazione che \u00e8 scettica sul Green Pass perch\u00e9, e cito, \u201cnon siamo certi che la vaccinazione prevenga la diffusione del virus.\u201d Invito tutti a denunciare questa enorme organizzazione di pericolosissimi no-vax negazionisti: se volete, la sede \u00e8 Ginevra, sto parlando dell\u2019OMS. L\u2019alternativa \u00e8 iniziare ad usare la testa prima di parlare.<\/div>\n<\/div>\n<div class=\"o9v6fnle cxmmr5t8 oygrvhab hcukyx3x c1et5uql ii04i59q\">\n<div dir=\"auto\">Ormai \u00e8 considerata una teoria del complotto anche parlare di conflitto di interessi, lobbismo e persino di sistema immunitario.<\/div>\n<div dir=\"auto\">Siamo considerati infettivi in via preventiva, siamo noi a dover dimostrare di essere sani. Ormai siamo considerati colpevoli fino a prova contraria, ovvero infetti fino a prova contraria.<\/div>\n<\/div>\n<div class=\"o9v6fnle cxmmr5t8 oygrvhab hcukyx3x c1et5uql ii04i59q\">\n<div dir=\"auto\">Questa retorica mi ha stancato, e volendo potrei farla anche io raccontando della signora che dopo il vaccino si \u00e8 sentita male, il medico non l\u2019ha ascoltata e lei ha scoperto di avere una trombosi e acqua nei polmoni; potrei parlare dei casi in cui dopo il vaccino si sono risvegliate forme tumorali sopite da anni; miocarditi; dei giovani a cui viene somministrata una sostanza senza alcuno studio sugli effetti a lungo termine e nemmeno sul rischio di essere cancerogena; dei problemi psicologici dei ragazzi dovuti al lockdown o delle migliaia di persone morte per malattie curabili ma diverse dal covid e quindi messe in secondo piano.<\/div>\n<\/div>\n<div class=\"o9v6fnle cxmmr5t8 oygrvhab hcukyx3x c1et5uql ii04i59q\">\n<div dir=\"auto\">Ce ne sarebbero a valanghe di argomenti per controbattere alla retorica con la retorica. Quale studio mi garantisce che ne sta valendo davvero la pena? Ve lo dico io: nessuno.<\/div>\n<div dir=\"auto\">Cercano di venderci le decisioni prese contro la pandemia come un indiscutibile \u201c2+2\u201d, ma basta vedere come si sono comportati in maniera differente i vari stati (e con risultati completamente diversi da quelli previsti) per capire che si tratta di teorie, non di fatti.<\/div>\n<\/div>\n<div class=\"o9v6fnle cxmmr5t8 oygrvhab hcukyx3x c1et5uql ii04i59q\">\n<div dir=\"auto\">Anzi io parlerei di ideologie perch\u00e9 questo che vediamo non \u00e8 che l\u2019ennesima applicazione di un paradigma che esiste da ben prima del covid, quello della medicalizzazione di massa, quello del far sparire il concetto di salute e sostituirlo con quello di cura. Lo stesso paradigma che sta causando 700 mila morti l\u2019anno per antibioticoresistenza.<\/div>\n<div dir=\"auto\">Non ci si pu\u00f2 curare dalla vita a meno che non ci si voglia trasformare in automi sterilizzati e asettici, e vivere come eterni malati dipendenti dai farmaci. In effetti \u00e8 proprio questo il succo: la dipendenza dall\u2019apparato.<\/div>\n<div dir=\"auto\">Lo stato e le multinazionali devono entrare anche nei nostri corpi e tutto deve essere reso disponibile, cosa pubblica, valutabile, misurabile, controllabile.<\/div>\n<\/div>\n<div class=\"o9v6fnle cxmmr5t8 oygrvhab hcukyx3x c1et5uql ii04i59q\">\n<div dir=\"auto\">Sono stufo anche di questa retorica della speranza, dell\u2019andr\u00e0 tutto bene, del sacrificio. Una retorica che puzza di religione da fare schifo. Quella retorica della sofferenza e della preghiera e che alla fine qualcosa di buono succeder\u00e0 se facciamo i bravi, ma l&#8217;unica cosa che succeder\u00e0 sar\u00e0 solo di finire addomesticati dal potere e dalla propaganda.<\/div>\n<div dir=\"auto\">E infatti ci stanno portando a non fidarci pi\u00f9 dei medici e degli esperti se questi ottengono buoni risultati e sono convincenti, no, dobbiamo fidarci di loro in quanto tali, dobbiamo quindi barattare l\u2019autorevolezza con l\u2019autorit\u00e0, la fiducia con l\u2019obbedienza. Io non ci sto.<\/div>\n<\/div>\n<div class=\"o9v6fnle cxmmr5t8 oygrvhab hcukyx3x c1et5uql ii04i59q\">\n<div dir=\"auto\">Per avere idea di quanto siamo in pericolo basta valutare l\u2019ingenuit\u00e0 di una delle argomentazioni usate da chi non crede esista il rischio di derive dittatoriali: \u201cse fossimo davvero in dittatura tu non potresti dirlo\u201d. Quindi, se io ho il timore che si stia andando verso una dittatura dovrei affermarlo solo quando ormai la dittatura c\u2019\u00e8 e non sono pi\u00f9 in grado di dirlo?<\/div>\n<div dir=\"auto\">Questa \u00e8 la lucidit\u00e0 politica con cui si sta valutando la situazione.<\/div>\n<\/div>\n<div class=\"o9v6fnle cxmmr5t8 oygrvhab hcukyx3x c1et5uql ii04i59q\">\n<div dir=\"auto\">Ma poi io mi domando che cosa abbiamo in mente quando parliamo di dittatura? Evidentemente solo la sua rappresentazione finale con rastrellamenti, campi di concentramento e militari per la strada.<\/div>\n<div dir=\"auto\">\u00c8 facile giudicare i totalitarismi DOPO i totalitarismi, ma le azioni dei totalitarismi, soprattutto alla loro nascita, sono sostenute da una propaganda che le fa sembrare sensate ai pi\u00f9. Vengono usate, appunto, cose come la paura di un nemico, la divisione sociale, esperti scienziati che avvalorano le tesi del potere, il dissenso viene ridicolizzato o criminalizzato. Molti totalitarismi sono iniziati lentamente e con la pretesa di fare qualcosa di duro ma per il \u201cbene comune\u201d. Se si pu\u00f2 imparare qualcosa dalla storia \u00e8 proprio il riuscire cogliere i segnali che possono portare a certi risultati gi\u00e0 visti, altrimenti si rischia di ripetere la storia. E infatti mi domando: quelli che oggi stanno ciecamente \u201cdalla parte della scienza\u201d e del \u201cdobbiamo combattere il covid\u201d da che parte sarebbero stati 100 anni fa quando la scienza sosteneva la superiorit\u00e0 della razza e il nemico da combattere erano gli ebrei?<\/div>\n<\/div>\n<div class=\"o9v6fnle cxmmr5t8 oygrvhab hcukyx3x c1et5uql ii04i59q\">\n<div dir=\"auto\">Quindi, ripropongo la domanda a chi non \u00e8 in piazza oggi: ma oltre ad essere ricattati e privati della libert\u00e0 al fine di spingervi a un trattamento sanitario che non ferma il contagio, che cazzo di altro deve succedere?<\/div>\n<div dir=\"auto\">Io lo so che i dubbi in realt\u00e0 li avete, la maggioranza di voi li ha, \u00e8 solo che siamo sotto ricatto e subiamo una pressione sociale enorme. Lo so che \u00e8 difficile, che in questo periodo duro per tutti, istintivamente si ha il bisogno di conferme, di fidarci, ma bisogna anche guardarci allo specchio e immaginare uno scenario a lungo termine. Per questo vi chiedo di mollare i luoghi comuni, di iniziare a ragionare con la vostra testa e di non avere paura delle etichette, di iniziare a criticare ci\u00f2 che evidentemente non sta in piedi. \u00c8 il momento prendere una posizione perch\u00e9 tutto questo pu\u00f2 finire veramente male se non ci uniamo e non facciamo un fronte comune.<\/div>\n<\/div>\n<div class=\"o9v6fnle cxmmr5t8 oygrvhab hcukyx3x c1et5uql ii04i59q\">\n<div dir=\"auto\">Concludo rivolgendomi a voi che siete qui provando a dare una mia umile opinione su quello che si potrebbe fare.<\/div>\n<div dir=\"auto\">In due parole: dialogo e resistenza.<\/div>\n<div dir=\"auto\">Per dialogo intendo che dobbiamo parlare con gli altri, con tutti, portarli a sapere quello che sappiamo, mostragli le nostre ragioni con tutti i mezzi possibili, senza scadere nella trappola dell\u2019antagonismo, della derisione, dell\u2019offesa. Dobbiamo anche allenarci a rifiutare teorie strampalate riguardo santi, alieni, salvatori della patria, uomini duri al comando o partitini che cavalcano l\u2019onda perch\u00e9, se ci siamo immunizzati contro le bugie di stato, non vedo perch\u00e9 dobbiamo credere a cose ancora meno credibili che non portano nulla alla nostra causa, anzi.<\/div>\n<\/div>\n<div class=\"o9v6fnle cxmmr5t8 oygrvhab hcukyx3x c1et5uql ii04i59q\">\n<div dir=\"auto\">Per resistenza invece non intendo quella fantasiosa e machista prosopopea del rivoluzionario che con la violenza cambia le cose. Io credo che questi metodi non funzionino e anzi danno l\u2019opportunit\u00e0 al potere di reprimerci con ancora pi\u00f9 facilit\u00e0. Intendo invece creare strategicamente e umanamente le condizioni perch\u00e9 si riesca disobbedire, quindi creando una rete di solidariet\u00e0 tra noi, ritrovare il senso di comunit\u00e0, di mutuo appoggio. Solo cos\u00ec possiamo permetterci di resistere: se nessuno viene lasciato solo. Ed ognuno resista come pu\u00f2 in base a quello che \u00e8, quello che sa, quello che fa: se sei un artista crea arte che diffonda il dissenso, se sei un avvocato metti a disposizione una parte del tuo tempo per fornire assistenza legale a chi resiste, se sei un esercente puoi attrezzarti per impedire di discriminare chi non ha il Green Pass, se sei un dipendente e ti fanno pressione tu prova a presentarti comunque a lavoro senza il Pass, ma anche se sei un semplice consumatore puoi usare i soldi che sono un\u2019arma potentissima scegliendo chi sostenere e chi boicottare. Non sto dicendo di compiere atti illegali ma di cedere solo quando non potete fare altro, nessuno pu\u00f2 giudicare nessun\u2019altro ed ognuno ha giustamente una propria asticella che delimita quello che \u00e8 disposto a fare. Bene, allora facciamolo e facciamolo tutti. Perch\u00e9 spesso \u00e8 solo la paura che ci blocca e nemmeno ci si prova a resistere. Al contrario a volte quando si inizia una resistenza si scopre che si aveva davanti solo una tigre di carta.<\/div>\n<div dir=\"auto\">Abbiamo tutti un\u2019enorme responsabilit\u00e0. Resistiamo. Grazie.<\/div>\n<\/div>\n","protected":false},"excerpt":{"rendered":"<p>Il mio intervento alla manifestazione contro il Green Pass di ieri sabato 07\/08\/2021. Grazie a tutte le persone che hanno partecipato e agli organizzatori! TESTO: Salve a tutti, vorrei iniziare ponendo qualche domanda a chi pensa che tutto quello che sta succedendo sia normale. La prima che mi viene in mente \u00e8 questa: ma cos\u2019altro [&hellip;]<\/p>\n","protected":false},"author":1,"featured_media":2428,"comment_status":"closed","ping_status":"closed","sticky":false,"template":"","format":"standard","meta":{"footnotes":""},"categories":[2],"tags":[709,758,259,759,319],"class_list":["post-2427","post","type-post","status-publish","format-standard","has-post-thumbnail","hentry","category-attivismo-politca","tag-covid","tag-green-pass","tag-manifestazione","tag-nogreenpass","tag-vaccini"],"views":1119,"_links":{"self":[{"href":"https:\/\/www.masonmassyjames.it\/blog\/wp-json\/wp\/v2\/posts\/2427","targetHints":{"allow":["GET"]}}],"collection":[{"href":"https:\/\/www.masonmassyjames.it\/blog\/wp-json\/wp\/v2\/posts"}],"about":[{"href":"https:\/\/www.masonmassyjames.it\/blog\/wp-json\/wp\/v2\/types\/post"}],"author":[{"embeddable":true,"href":"https:\/\/www.masonmassyjames.it\/blog\/wp-json\/wp\/v2\/users\/1"}],"replies":[{"embeddable":true,"href":"https:\/\/www.masonmassyjames.it\/blog\/wp-json\/wp\/v2\/comments?post=2427"}],"version-history":[{"count":2,"href":"https:\/\/www.masonmassyjames.it\/blog\/wp-json\/wp\/v2\/posts\/2427\/revisions"}],"predecessor-version":[{"id":2436,"href":"https:\/\/www.masonmassyjames.it\/blog\/wp-json\/wp\/v2\/posts\/2427\/revisions\/2436"}],"wp:featuredmedia":[{"embeddable":true,"href":"https:\/\/www.masonmassyjames.it\/blog\/wp-json\/wp\/v2\/media\/2428"}],"wp:attachment":[{"href":"https:\/\/www.masonmassyjames.it\/blog\/wp-json\/wp\/v2\/media?parent=2427"}],"wp:term":[{"taxonomy":"category","embeddable":true,"href":"https:\/\/www.masonmassyjames.it\/blog\/wp-json\/wp\/v2\/categories?post=2427"},{"taxonomy":"post_tag","embeddable":true,"href":"https:\/\/www.masonmassyjames.it\/blog\/wp-json\/wp\/v2\/tags?post=2427"}],"curies":[{"name":"wp","href":"https:\/\/api.w.org\/{rel}","templated":true}]}}