{"id":2437,"date":"2021-10-16T16:54:26","date_gmt":"2021-10-16T14:54:26","guid":{"rendered":"https:\/\/www.masonmassyjames.it\/blog\/?p=2437"},"modified":"2021-10-16T16:54:26","modified_gmt":"2021-10-16T14:54:26","slug":"il-punto-di-non-ritorno","status":"publish","type":"post","link":"https:\/\/www.masonmassyjames.it\/blog\/il-punto-di-non-ritorno\/","title":{"rendered":"Il punto di non ritorno"},"content":{"rendered":"<div class=\"kvgmc6g5 cxmmr5t8 oygrvhab hcukyx3x c1et5uql ii04i59q\">\n<div dir=\"auto\"><a href=\"https:\/\/www.masonmassyjames.it\/blog\/wp-content\/uploads\/2021\/10\/244725617_3017769608459265_9089603745866209190_n.jpg\"><img loading=\"lazy\" decoding=\"async\" class=\"aligncenter size-full wp-image-2438\" src=\"https:\/\/www.masonmassyjames.it\/blog\/wp-content\/uploads\/2021\/10\/244725617_3017769608459265_9089603745866209190_n.jpg\" alt=\"\" width=\"1019\" height=\"499\" srcset=\"https:\/\/www.masonmassyjames.it\/blog\/wp-content\/uploads\/2021\/10\/244725617_3017769608459265_9089603745866209190_n.jpg 1019w, https:\/\/www.masonmassyjames.it\/blog\/wp-content\/uploads\/2021\/10\/244725617_3017769608459265_9089603745866209190_n-300x147.jpg 300w, https:\/\/www.masonmassyjames.it\/blog\/wp-content\/uploads\/2021\/10\/244725617_3017769608459265_9089603745866209190_n-768x376.jpg 768w\" sizes=\"auto, (max-width: 1019px) 100vw, 1019px\" \/><\/a><\/div>\n<div dir=\"auto\">\u00c8 un punto di non ritorno credo. Quello che vedo intorno a me \u00e8 difficile persino da descrivere per quanto sia angosciante e al contempo ignorato dai pi\u00f9.<\/div>\n<div dir=\"auto\">A prescindere da quello che uno possa pensare su una data questione, al di l\u00e0 delle proprie scelte personali, esistono dei fatti oggettivi che non possono essere ignorati e vanno analizzati lucidamente.<\/div>\n<div dir=\"auto\">Non si vedeva da decenni uno stato che era in grado di far sparire nel silenzio decine di migliaia di persone che protestano. A prescindere da quello che sostengono quelle persone, il fatto che si siano ignorate queste manifestazioni (mentre venivano trasmessi servizi su tg nazionali con persino inviati sul posto per raccontare di sgomberi di rave non autorizzati) dovrebbe fare venire un brivido nella schiena a chiunque.<\/div>\n<div dir=\"auto\">Viviamo in uno stato che ha deciso di applicare un ricatto paragonabile solo a certe leggi fasciste e questo lo dicono anche filosofi e politologi come Agamben.<\/div>\n<div dir=\"auto\">Questo ricatto, di fatto, viola leggi e trattati che hanno molto pi\u00f9 valore legalmente parlando, e discrimina di fatto milioni di persone sulla base di una scelta legale e permessa, sulla carta, dallo stato stesso.<\/div>\n<div dir=\"auto\">Circa il 20% dei lavoratori italiani non vuole il green pass. Il venti per cento.<\/div>\n<div dir=\"auto\">Dopo mesi di manifestazioni, centinaia di migliaia di persone scese in piazza pacificamente e inascoltate, diritti erosi, ricatti, adesso si sono accesi i riflettori. Adesso che si \u00e8 usata violenza. \u00c8 un copione che conosciamo, Cossiga Docet. Un copione che ancora funziona evidentemente: infiltrare i movimenti per politicizzarli e avere una scusa per reprimerli.<\/div>\n<div dir=\"auto\">L\u2019assalto alla sede della CGIL \u00e8 da manuale. Quello che non \u00e8 da manuale \u00e8 vedere che a 20 anni dal G8 c\u2019\u00e8 ancora chi ci casca.<\/div>\n<div dir=\"auto\">Il discorso di Landini all\u2019indomani di questo fatto \u00e8 da copione: un inno alla resistenza, all\u2019antifascismo, alla difesa dei diritti del lavoro. Gli stessi principi che avrebbero dovuto far muovere i sindacati per proteggere i lavoratori da quello che sta accadendo, ma finora non pervenuti. L\u2019appello alla mobilitazione generale dopo questo evento \u00e8 la ciliegina su una torta di escrementi. La risposta generosa e partecipata a questo appello da parte di chi non ha mosso paglia contro quello che sta succedendo, invece, \u00e8 il sintomo finale di una metastasi in corso da tempo. Il suo auspicare a una riforma generale del lavoro dopo questo specifico fatto \u00e8 da brividi, per chi sa leggere tra le righe.<\/div>\n<div dir=\"auto\">Proclami da una parte e violenza dall\u2019altra, tutto purch\u00e9 il copione silenzi quello che succede nelle piazze, le ragioni dei manifestanti e le manganellate prese da giovani, vecchi, mamme.<\/div>\n<div dir=\"auto\">Ma, anche volendo fare gli ingenui e senza considerare la palese infiltrazione delle manifestazioni pacifiche (sforzandoci parecchio), la destra fa solo quello che sa fare da sempre: cavalcare il malcontento di gente esausta e lasciata sola da organizzazioni governative e non, comprese pi\u00f9 colpevolmente quelle di sinistra e per la difesa dei diritti. Ma cavalcare non significa rappresentare e quindi associare le piazze ai fascisti, anche in questo caso, sarebbe per usare un eufemismo, ingenuo e miope.<\/div>\n<div dir=\"auto\">Il vero attacco alle sedi dei sindacati non \u00e8 quello studiato a tavolino da quattro fascisti che rappresentano lo 0,01% del paese, ma quello che sta avvenendo da molto tempo, globale, massivo che ha spogliati i sindacati dei loro ruoli e in maniera molto pi\u00f9 subdola rispetto a quello che \u00e8 successo ieri, ma come al solito ci si sveglia solo quando si \u00e8 attaccati da fascisti che si dicono apertamente fascisti, senza nessuna valutazione sociale sul perch\u00e9 e in quale contesto si sia arrivati a questo, anche perch\u00e9 questo vorrebbe dire fare un\u2019autocritica che le varie organizzazioni \u201cdi sinistra\u201d non possono permettersi. E quindi ora \u00e8 il momento della retorica e di slogan antifascisti, di difesa del lavoro e dei diritti.<\/div>\n<div dir=\"auto\">Quando invece, nel silenzio censorio dei media, ci sono decine di migliaia di persone in piazza contro un fascismo mascherato da democrazia che erode i diritti e attacca il lavoro discriminando circa il 20% dei lavoratori, non si fa volare una mosca, anzi.<\/div>\n<div dir=\"auto\">Questo \u00e8 solo pericoloso e vile collaborazionismo. Non solo, \u00e8 una fotografia perfetta di come i fascismi, cos\u00ec come successe in passato, possano subdolamente emergere sulle onde di applausi e mobilitazioni di certi apparati che si proclamano antifascisti.<\/p>\n<\/div>\n<\/div>\n<div class=\"o9v6fnle cxmmr5t8 oygrvhab hcukyx3x c1et5uql ii04i59q\">\n<div dir=\"auto\">Umilmente, un anarchico che non si \u00e8 rincoglionito.<\/p>\n<\/div>\n<\/div>\n<div class=\"o9v6fnle cxmmr5t8 oygrvhab hcukyx3x c1et5uql ii04i59q\">\n<div dir=\"auto\">PS questo testo \u00e8 mio (Mason Massy James). <br \/>\nLa foto invece rappresenta l&#8217;espressione depressa di Cacciari dalla Gruber che incarna perfettamente il momento storico.<\/div>\n<\/div>\n","protected":false},"excerpt":{"rendered":"<p>\u00c8 un punto di non ritorno credo. Quello che vedo intorno a me \u00e8 difficile persino da descrivere per quanto sia angosciante e al contempo ignorato dai pi\u00f9. A prescindere da quello che uno possa pensare su una data questione, al di l\u00e0 delle proprie scelte personali, esistono dei fatti oggettivi che non possono essere [&hellip;]<\/p>\n","protected":false},"author":1,"featured_media":2438,"comment_status":"closed","ping_status":"closed","sticky":false,"template":"","format":"standard","meta":{"footnotes":""},"categories":[2],"tags":[760],"class_list":["post-2437","post","type-post","status-publish","format-standard","has-post-thumbnail","hentry","category-attivismo-politca","tag-greenpass"],"views":992,"_links":{"self":[{"href":"https:\/\/www.masonmassyjames.it\/blog\/wp-json\/wp\/v2\/posts\/2437","targetHints":{"allow":["GET"]}}],"collection":[{"href":"https:\/\/www.masonmassyjames.it\/blog\/wp-json\/wp\/v2\/posts"}],"about":[{"href":"https:\/\/www.masonmassyjames.it\/blog\/wp-json\/wp\/v2\/types\/post"}],"author":[{"embeddable":true,"href":"https:\/\/www.masonmassyjames.it\/blog\/wp-json\/wp\/v2\/users\/1"}],"replies":[{"embeddable":true,"href":"https:\/\/www.masonmassyjames.it\/blog\/wp-json\/wp\/v2\/comments?post=2437"}],"version-history":[{"count":1,"href":"https:\/\/www.masonmassyjames.it\/blog\/wp-json\/wp\/v2\/posts\/2437\/revisions"}],"predecessor-version":[{"id":2439,"href":"https:\/\/www.masonmassyjames.it\/blog\/wp-json\/wp\/v2\/posts\/2437\/revisions\/2439"}],"wp:featuredmedia":[{"embeddable":true,"href":"https:\/\/www.masonmassyjames.it\/blog\/wp-json\/wp\/v2\/media\/2438"}],"wp:attachment":[{"href":"https:\/\/www.masonmassyjames.it\/blog\/wp-json\/wp\/v2\/media?parent=2437"}],"wp:term":[{"taxonomy":"category","embeddable":true,"href":"https:\/\/www.masonmassyjames.it\/blog\/wp-json\/wp\/v2\/categories?post=2437"},{"taxonomy":"post_tag","embeddable":true,"href":"https:\/\/www.masonmassyjames.it\/blog\/wp-json\/wp\/v2\/tags?post=2437"}],"curies":[{"name":"wp","href":"https:\/\/api.w.org\/{rel}","templated":true}]}}