{"id":2480,"date":"2023-02-01T19:02:45","date_gmt":"2023-02-01T18:02:45","guid":{"rendered":"https:\/\/www.masonmassyjames.it\/blog\/?p=2480"},"modified":"2023-02-01T19:02:45","modified_gmt":"2023-02-01T18:02:45","slug":"non-chiediamoci-come-ma-perche","status":"publish","type":"post","link":"https:\/\/www.masonmassyjames.it\/blog\/non-chiediamoci-come-ma-perche\/","title":{"rendered":"Non chiediamoci come, ma perch\u00e9"},"content":{"rendered":"<div class=\"\" dir=\"auto\">\n<div id=\"jsc_c_3s\" class=\"x1iorvi4 x1pi30zi x1swvt13 x1l90r2v\" data-ad-comet-preview=\"message\" data-ad-preview=\"message\">\n<div class=\"x78zum5 xdt5ytf xz62fqu x16ldp7u\">\n<div class=\"xu06os2 x1ok221b\">\n<div class=\"x11i5rnm xat24cr x1mh8g0r x1vvkbs xdj266r x126k92a\">\n<div dir=\"auto\"><a href=\"https:\/\/www.masonmassyjames.it\/blog\/wp-content\/uploads\/2023\/02\/328353294_729051268782703_634745749378170643_n.jpg\"><img loading=\"lazy\" decoding=\"async\" class=\"aligncenter size-full wp-image-2481\" src=\"https:\/\/www.masonmassyjames.it\/blog\/wp-content\/uploads\/2023\/02\/328353294_729051268782703_634745749378170643_n.jpg\" alt=\"\" width=\"1500\" height=\"844\" srcset=\"https:\/\/www.masonmassyjames.it\/blog\/wp-content\/uploads\/2023\/02\/328353294_729051268782703_634745749378170643_n.jpg 1500w, https:\/\/www.masonmassyjames.it\/blog\/wp-content\/uploads\/2023\/02\/328353294_729051268782703_634745749378170643_n-300x169.jpg 300w, https:\/\/www.masonmassyjames.it\/blog\/wp-content\/uploads\/2023\/02\/328353294_729051268782703_634745749378170643_n-1024x576.jpg 1024w, https:\/\/www.masonmassyjames.it\/blog\/wp-content\/uploads\/2023\/02\/328353294_729051268782703_634745749378170643_n-768x432.jpg 768w, https:\/\/www.masonmassyjames.it\/blog\/wp-content\/uploads\/2023\/02\/328353294_729051268782703_634745749378170643_n-1320x743.jpg 1320w\" sizes=\"auto, (max-width: 1500px) 100vw, 1500px\" \/><\/a><\/div>\n<div dir=\"auto\">Friday for Future e Ultima Generazione sono due movimenti che, a mio avviso, condividono alcune importanti criticit\u00e0.<\/div>\n<div dir=\"auto\">Posto che per me le azioni dimostrative non violente sono un ottimo mezzo per portare avanti istanze per cambiamenti radicali, il nocciolo del problema risiede nell\u2019interlocutore di queste proteste e nella visione che viene proposta.<\/div>\n<div dir=\"auto\">\u00a0<\/div>\n<\/div>\n<div class=\"x11i5rnm xat24cr x1mh8g0r x1vvkbs xtlvy1s x126k92a\">\n<div dir=\"auto\">L\u2019interlocutore di questi movimenti sono multinazionali e governi. Questo significa che le proteste dovrebbero portare al tavolo delle trattative questi colossi al fine di rendere etiche le multinazionali o forzare i governi a varare leggi che obblighino le multinazionali ad essere tali.<\/div>\n<div dir=\"auto\">Questo \u00e8 fallace sotto diversi aspetti. Forzare delle multinazionali ad essere etiche \u00e8 un ossimoro in quanto il loro campo da gioco \u00e8 ed \u00e8 solamente il profitto, e il profitto \u00e8 in antitesi con l\u2019etica. Nei rarissimi casi in cui questi due elementi convergono, le aziende si muovono da sole verso l\u2019etica, senza il bisogno di proteste. Nessuna azienda pianificher\u00e0 di guadagnare meno per essere etica, se lo far\u00e0, sar\u00e0 presto mangiata viva dalla concorrenza delle altre. Il margine di successo delle proteste in termini sociali quindi \u00e8, quando va bene, minimo e temporaneo.<\/div>\n<div dir=\"auto\">Forzare governi ad emanare leggi che obblighino le multinazionali ad essere etiche sarebbe un\u2019azione perfetta se i governi funzionassero in maniera completamente opposta a come in effetti funzionano. Il pi\u00f9 delle volte sono le multinazionali (le pi\u00f9 grandi, proprio quelle si vorrebbero colpire) a fare pressione sui governi, non il contrario. La pressione che un gruppo di attivisti pu\u00f2 fare su un governo, inoltre, \u00e8 irrisoria rispetto alla capacit\u00e0 di quest\u2019ultimo di ignorare le proteste, criminalizzarle o fingere di ottemperarvi ad esempio prendendo tempo o varando leggi che poi saranno aggirate.<\/div>\n<div dir=\"auto\">Oltre a tutto questo, richiedere a multinazionali e governi un cambiamento significa sostenere e alimentare il paradigma della delega, accettare che siano loro a fare il gioco e, se ci deve essere un miglioramento, non possiamo fare altro che chiederlo, supplicarlo, farcelo concedere. Questo \u00e8 molto ironico, tra l\u2019altro, se pensiamo che questi movimenti sono portati avanti da giovani che non hanno paura a prendersi le proprie responsabilit\u00e0 rischiando del proprio quando partecipano ad azioni di disobbedienza civile\u2026 al fine di delegare per\u00f2, lasciando intatto un contesto in cui esistono societ\u00e0 multimiliardarie che speculano e posseggono il pianeta, assieme a istituzioni governative il cui unico scopo \u00e8 mantenere in auge un sistema oligarchico di potere facendolo passare per democrazia.<\/div>\n<div dir=\"auto\">\u00a0<\/div>\n<\/div>\n<div class=\"x11i5rnm xat24cr x1mh8g0r x1vvkbs xtlvy1s x126k92a\">\n<div dir=\"auto\">Un\u2019altra criticit\u00e0 \u00e8 lo scopo, la visione. Il punto focale di questi movimenti sembra quello di rendere sostenibile il sistema attuale, quindi parliamo di un sistema da convertire, non sovvertire. Si tratta di trovare strade che rendano non inquinanti, a impatto zero, il produttivismo e l\u2019industrializzazione gi\u00e0 presenti.<\/div>\n<div dir=\"auto\">Seppur sia evidente e corretta la critica al capitalismo, non c\u2019\u00e8 alcuna presa di coscienza di come il capitalismo sia solo UNA forma di sfruttamento, basata su competizione e accumulo di risorse. \u00c8 un paradigma che sicuramente ha accelerato la distruzione ambientale, ma non ne \u00e8 la causa. Paradossalmente, se potessimo far sparire i soldi, gli scopi della civilizzazione rimarrebbero comunque invariati e avremmo un sistema di devastazione ambientale pressoch\u00e9 identico. Spesso non ci si rende conto di questo perch\u00e9, immaginando il mondo di oggi senza capitalismo, si fa l\u2019errore di immaginarlo come un qualcosa di simile al mondo pre-rivoluzione industriale, con quell\u2019impatto ambientale limitato dall\u2019avanzamento tecnologico dell\u2019epoca. Per avere invece un\u2019idea pi\u00f9 realistica dell\u2019impatto ambientale di un sistema non capitalista di oggi, dobbiamo immaginarcelo comunque con la forza distruttrice ed efficiente della megamacchina tecnologica di oggi, affamata di terre rare, leghe metalliche, microcomponenti, con oggetti sempre pi\u00f9 miniaturizzati e invasivi che diventano indispensabili, dove tutto \u00e8 deciso da supercomputer e algoritmi che hanno bisogno di sempre pi\u00f9 energia, senza contare l\u2019incubo distopico di vivere in un mondo fatto da macchine, per le macchine, dove tutto \u00e8 sempre misurato in termini numerici e tutto deve funzionare come se fosse un numero, umani, animali e natura compresi. Spegnere semplicemente il \u201cturbo\u201d causato dal capitalismo non ferma questo treno in corsa, al limite lo rallenta.<\/div>\n<div dir=\"auto\">La superficialit\u00e0 di questa visione \u00e8 confermata anche dal fatto che in questi movimenti la questione animale non \u00e8 affrontata quasi per niente e, quando lo \u00e8, viene affrontata sempre da un punto di vista antropocentrico. Il resto del vivente rimane comunque qualcosa da gestire, anche se diversamente, con responsabilit\u00e0, ecc., e il paradigma dell\u2019essere umano che ha a disposizione il pianeta e gli animali non cambia. Non mettendo in crisi questo, \u00e8 come non mettere in crisi nulla perch\u00e9, a mio avviso, \u00e8 proprio questa mentalit\u00e0 che \u00e8 alla base della distruzione ambientale. \u00c8 questo equilibrio che si \u00e8 perso e di certo non lo ritroveremo sostituendo le centrali a carbone coi pannelli solari. Piuttosto che chiederci COME stiamo mandando avanti il sistema, dovremmo chiederci PERCHE\u2019, ma questa domanda, chiaramente, non pu\u00f2 essere portata nelle stanze di quei poteri che devono la loro stessa esistenza all\u2019assenza di quella domanda.<\/div>\n<\/div>\n<\/div>\n<\/div>\n<\/div>\n<\/div>\n","protected":false},"excerpt":{"rendered":"<p>Friday for Future e Ultima Generazione sono due movimenti che, a mio avviso, condividono alcune importanti criticit\u00e0. Posto che per me le azioni dimostrative non violente sono un ottimo mezzo per portare avanti istanze per cambiamenti radicali, il nocciolo del problema risiede nell\u2019interlocutore di queste proteste e nella visione che viene proposta. \u00a0 L\u2019interlocutore di [&hellip;]<\/p>\n","protected":false},"author":1,"featured_media":2481,"comment_status":"closed","ping_status":"closed","sticky":false,"template":"","format":"standard","meta":{"footnotes":""},"categories":[623,614,2],"tags":[],"class_list":["post-2480","post","type-post","status-publish","format-standard","has-post-thumbnail","hentry","category-ambiente","category-antispecismo","category-attivismo-politca"],"views":847,"_links":{"self":[{"href":"https:\/\/www.masonmassyjames.it\/blog\/wp-json\/wp\/v2\/posts\/2480","targetHints":{"allow":["GET"]}}],"collection":[{"href":"https:\/\/www.masonmassyjames.it\/blog\/wp-json\/wp\/v2\/posts"}],"about":[{"href":"https:\/\/www.masonmassyjames.it\/blog\/wp-json\/wp\/v2\/types\/post"}],"author":[{"embeddable":true,"href":"https:\/\/www.masonmassyjames.it\/blog\/wp-json\/wp\/v2\/users\/1"}],"replies":[{"embeddable":true,"href":"https:\/\/www.masonmassyjames.it\/blog\/wp-json\/wp\/v2\/comments?post=2480"}],"version-history":[{"count":1,"href":"https:\/\/www.masonmassyjames.it\/blog\/wp-json\/wp\/v2\/posts\/2480\/revisions"}],"predecessor-version":[{"id":2482,"href":"https:\/\/www.masonmassyjames.it\/blog\/wp-json\/wp\/v2\/posts\/2480\/revisions\/2482"}],"wp:featuredmedia":[{"embeddable":true,"href":"https:\/\/www.masonmassyjames.it\/blog\/wp-json\/wp\/v2\/media\/2481"}],"wp:attachment":[{"href":"https:\/\/www.masonmassyjames.it\/blog\/wp-json\/wp\/v2\/media?parent=2480"}],"wp:term":[{"taxonomy":"category","embeddable":true,"href":"https:\/\/www.masonmassyjames.it\/blog\/wp-json\/wp\/v2\/categories?post=2480"},{"taxonomy":"post_tag","embeddable":true,"href":"https:\/\/www.masonmassyjames.it\/blog\/wp-json\/wp\/v2\/tags?post=2480"}],"curies":[{"name":"wp","href":"https:\/\/api.w.org\/{rel}","templated":true}]}}