{"id":2596,"date":"2023-07-01T17:30:17","date_gmt":"2023-07-01T15:30:17","guid":{"rendered":"https:\/\/www.masonmassyjames.it\/blog\/?p=2596"},"modified":"2024-05-01T17:36:56","modified_gmt":"2024-05-01T15:36:56","slug":"sentirsi-assolti-mmj-podcast-2-2","status":"publish","type":"post","link":"https:\/\/www.masonmassyjames.it\/blog\/sentirsi-assolti-mmj-podcast-2-2\/","title":{"rendered":"Sentirsi assolti &#8211; MMJ podcast 2.2"},"content":{"rendered":"<p><iframe loading=\"lazy\" title=\"Sentirsi assolti - MMJ podcast 2.2\" width=\"500\" height=\"281\" src=\"https:\/\/www.youtube.com\/embed\/3xD5cSaOhKg?feature=oembed\" frameborder=\"0\" allow=\"accelerometer; autoplay; clipboard-write; encrypted-media; gyroscope; picture-in-picture; web-share\" referrerpolicy=\"strict-origin-when-cross-origin\" allowfullscreen><\/iframe><\/p>\n<p>Sono sopraffatto dall\u2019ingenuit\u00e0 e dalla mancanza di visione che esiste oggi.<\/p>\n<p>C\u2019\u00e8 un video che ha girato parecchio in rete in cui un personaggio pubblico tiene un discorso presso la Oxford Union (un\u2019associazione studentesca fondata dall\u2019omonima universit\u00e0).<\/p>\n<p>Il video ha fatto il botto perch\u00e9 lo spezzone che circolava era il frammento in cui venivano criticate le recenti proteste contro il cambiamento climatico con delle argomentazioni evidentemente molto convincenti. Questo spezzone faceva parte di un\u2019invettiva molto pi\u00f9 ampia e a 360\u00b0 contro la cultura woke. Ora, io di certo non ho simpatia n\u00e9 verso la cultura woke n\u00e9 verso i vari movimenti che si battono contro il cambiamento climatico essendo questi ultimi, secondo me, innocui nella migliore delle ipotesi perch\u00e9 sbagliano di gran lunga il bersaglio oltre che il mezzo per raggiungerlo.<\/p>\n<p>Detto questo per\u00f2, sono rimasto abbagliato dal seguito che questo video ha avuto e di come quelle argomentazioni siano sembrate valide.<\/p>\n<p>In breve, l\u2019oratore attacca le proteste contro il cambiamento climatico in Inghilterra (ma possiamo traslare il discorso per ogni paese occidentale) perch\u00e9 le emissioni di CO2 dell\u2019Inghilterra pesano solo per il 2% sulle emissioni a livello mondiale, e il futuro del clima \u00e8 quindi deciso da paesi che emettono decisamente pi\u00f9 CO2 come quelli in Asia o America Latina. Quei paesi per\u00f2 non faranno nulla per tagliare le loro emissioni, perch\u00e9? Perch\u00e9 sono poveri. Non hanno il benessere economico, strumentale n\u00e9 sociale per sforzarsi in tal senso. Quindi, le persone che protestano in Inghilterra contro il governo inglese (cos\u00ec come in qualunque altro paese dell\u2019occidente) stanno solo perdendo tempo e piangendosi addosso, protestando contro le persone sbagliate, rompendo le scatole a governi che fanno gi\u00e0 molto e non sono la causa del problema.<\/p>\n<p>Sempre secondo l\u2019oratore, questa gente dovrebbe smettere di protestare e iniziare a fare qualcos\u2019altro. Che cosa? Studiare. Studiare e lavorare, fare ricerche scientifiche, con lo scopo di inventare qualcosa di efficiente ed economico per tagliare le emissioni, qualcosa che possa quindi essere usato da tutto il mondo, anche dai paesi poveri. Ecco la soluzione!<\/p>\n<p>Ripeto io non ho simpatie n\u00e9 verso la cultura woke, n\u00e9 tantomeno voglio difendere le proteste contro il cambiamento climatico portate avanti da attivisti come quelli di ultima generazione. Ma queste argomentazioni sono ridicole e ignorano completamente lo stato delle cose, sostituendo la causa con l\u2019effetto. \u00c8 indiscutibilmente vero che paesi come, ad esempio, la Cina e l\u2019India pesino, in termini di emissioni di Co2, tragicamente di pi\u00f9 rispetto alla stragrande maggioranza dei paesi dell\u2019occidente, ma \u00e8 ridicolo pensare che per questa ragione il problema siano esclusivamente quei paesi. Non \u00e8 che i paesi pi\u00f9 poveri che inquinano, inquinano per capriccio. Inquinano perch\u00e9 producono, e producono tanto. E per chi pensate che producano queste cose, visto che sono anche i paesi pi\u00f9 poveri? Esatto, producono anche e soprattutto per i paesi occidentali. Prendersela con i paesi ad alta emissione CO2 \u00e8 come prendersela con la zona industriale di una citt\u00e0, come se quella vivesse di vita propria e non fosse il risultato del mercato e dell\u2019economia che sta attorno a quello che viene prodotto.<\/p>\n<p>I paesi poveri che producono e inquinano sono le periferie del mondo globalizzato e i mandanti di quell\u2019inquinamento sono tutti i paesi del mondo, o meglio, tutti gli abitanti del mondo, ovvero tutti noi. Siamo noi i mandati e lo siamo sempre stati. Se per un verso gli attivisti contro il cambiamento climatico sono, a mio avviso, ingenui e innocui perch\u00e9 riversano le loro invettive contro i governi, come fossero organismi che potessero (e volessero) attivarsi per questo problema, l\u2019argomentazione di questo oratore al contrario assolve i governi occidentali puntando il dito contro le \u201czone industriali\u201d del mondo assolvendo cos\u00ec anche il nostro stile di vita, l\u2019economia, il produttivismo e la follia del progresso, anzi, invitando a lavorare di pi\u00f9, fare pi\u00f9 ricerche, certo grazie a materiali e tecnologie estratti e prodotte nei paesi che poi possiamo accusare di essere gli \u201cuntori\u201d.<\/p>\n<p>Certo, potremmo raccontarci la favola che la colpa rimane comunque dei paesi e dei governi in cui avviene la produzione, perch\u00e9 sono loro che decidono di produrla inquinando e non possono o non vogliono produrre facendo attenzione all\u2019impatto che hanno sull\u2019ambiente. Ma sarebbe appunto una favola per bambini, perch\u00e9 senza quel tipo di produzione che implica inquinamento e schiavismo, non esisterebbe alcuna civilt\u00e0 per come la conosciamo. Mi spiace, non c\u2019\u00e8 altro modo di produrre le cose di cui fingiamo di avere bisogno e che ci fanno sentire la specie pi\u00f9 intelligente sul pianeta se non deturpando l\u2019ambiente e schiavizzando qualcuno a migliaia di chilometri di distanza. \u00c8 la stessa argomentazione che ho sentito spesso in altri ambiti attivisti, quando si dice che il 70% della CO2 \u00e8 prodotto dalle sole 100 pi\u00f9 grandi aziende del mondo.<\/p>\n<p>Non si guarda perch\u00e9 e per chi queste aziende producano, cio\u00e8 per i consumatori, per noi. Piuttosto diamo la colpa al cattivo della favola e ci sentiamo ribelli. L\u2019importante \u00e8 sentirsi assolti. Fa male guardarsi allo specchio e vedersi complici di questo sporco gioco che non \u00e8 solo inquinamento, cambiamento climatico, distruzione di habitat e massacro di animali, ma \u00e8 anche alienazione, profonda alienazione, di quelle che ti fanno arrampicare sugli specchi pi\u00f9 ripidi purch\u00e9 la colpa si possa dare qualcun altro e purch\u00e9 si continui a far finta di non essere tutti assieme a remare sempre pi\u00f9 veloci su questo circo che affonda.<\/p>\n","protected":false},"excerpt":{"rendered":"<p>Sono sopraffatto dall\u2019ingenuit\u00e0 e dalla mancanza di visione che esiste oggi. C\u2019\u00e8 un video che ha girato parecchio in rete in cui un personaggio pubblico tiene un discorso presso la Oxford Union (un\u2019associazione studentesca fondata dall\u2019omonima universit\u00e0). Il video ha fatto il botto perch\u00e9 lo spezzone che circolava era il frammento in cui venivano criticate [&hellip;]<\/p>\n","protected":false},"author":1,"featured_media":0,"comment_status":"closed","ping_status":"closed","sticky":false,"template":"","format":"standard","meta":{"footnotes":""},"categories":[623,2],"tags":[440,694,336,252],"class_list":["post-2596","post","type-post","status-publish","format-standard","hentry","category-ambiente","category-attivismo-politca","tag-ambiente","tag-cambiamento-climatico","tag-inquinamento","tag-proteste"],"views":428,"_links":{"self":[{"href":"https:\/\/www.masonmassyjames.it\/blog\/wp-json\/wp\/v2\/posts\/2596","targetHints":{"allow":["GET"]}}],"collection":[{"href":"https:\/\/www.masonmassyjames.it\/blog\/wp-json\/wp\/v2\/posts"}],"about":[{"href":"https:\/\/www.masonmassyjames.it\/blog\/wp-json\/wp\/v2\/types\/post"}],"author":[{"embeddable":true,"href":"https:\/\/www.masonmassyjames.it\/blog\/wp-json\/wp\/v2\/users\/1"}],"replies":[{"embeddable":true,"href":"https:\/\/www.masonmassyjames.it\/blog\/wp-json\/wp\/v2\/comments?post=2596"}],"version-history":[{"count":1,"href":"https:\/\/www.masonmassyjames.it\/blog\/wp-json\/wp\/v2\/posts\/2596\/revisions"}],"predecessor-version":[{"id":2597,"href":"https:\/\/www.masonmassyjames.it\/blog\/wp-json\/wp\/v2\/posts\/2596\/revisions\/2597"}],"wp:attachment":[{"href":"https:\/\/www.masonmassyjames.it\/blog\/wp-json\/wp\/v2\/media?parent=2596"}],"wp:term":[{"taxonomy":"category","embeddable":true,"href":"https:\/\/www.masonmassyjames.it\/blog\/wp-json\/wp\/v2\/categories?post=2596"},{"taxonomy":"post_tag","embeddable":true,"href":"https:\/\/www.masonmassyjames.it\/blog\/wp-json\/wp\/v2\/tags?post=2596"}],"curies":[{"name":"wp","href":"https:\/\/api.w.org\/{rel}","templated":true}]}}