{"id":2688,"date":"2025-03-22T14:28:08","date_gmt":"2025-03-22T13:28:08","guid":{"rendered":"https:\/\/www.masonmassyjames.it\/blog\/?p=2688"},"modified":"2025-03-22T14:28:08","modified_gmt":"2025-03-22T13:28:08","slug":"la-favola-europea-per-non-farvi-incazzare","status":"publish","type":"post","link":"https:\/\/www.masonmassyjames.it\/blog\/la-favola-europea-per-non-farvi-incazzare\/","title":{"rendered":"La favola europea per non farvi incazzare"},"content":{"rendered":"<div class=\"html-div xdj266r x11i5rnm xat24cr x1mh8g0r xexx8yu x4uap5 x18d9i69 xkhd6sd\" dir=\"auto\">\n<div class=\"html-div xdj266r x11i5rnm xat24cr x1mh8g0r xexx8yu x4uap5 x18d9i69 xkhd6sd\" data-ad-rendering-role=\"story_message\">\n<div id=\"\u00abr5m\u00bb\" class=\"x1l90r2v x1iorvi4 x1ye3gou xn6708d\" data-ad-comet-preview=\"message\" data-ad-preview=\"message\">\n<div class=\"x78zum5 xdt5ytf xz62fqu x16ldp7u\">\n<div class=\"xu06os2 x1ok221b\">\n<div class=\"xdj266r x11i5rnm xat24cr x1mh8g0r x1vvkbs x126k92a\">\n<div dir=\"auto\"><a href=\"https:\/\/www.masonmassyjames.it\/blog\/wp-content\/uploads\/2025\/03\/1.jpg\"><img loading=\"lazy\" decoding=\"async\" class=\"aligncenter size-full wp-image-2689\" src=\"https:\/\/www.masonmassyjames.it\/blog\/wp-content\/uploads\/2025\/03\/1.jpg\" alt=\"\" width=\"1000\" height=\"1000\" srcset=\"https:\/\/www.masonmassyjames.it\/blog\/wp-content\/uploads\/2025\/03\/1.jpg 1000w, https:\/\/www.masonmassyjames.it\/blog\/wp-content\/uploads\/2025\/03\/1-300x300.jpg 300w, https:\/\/www.masonmassyjames.it\/blog\/wp-content\/uploads\/2025\/03\/1-150x150.jpg 150w, https:\/\/www.masonmassyjames.it\/blog\/wp-content\/uploads\/2025\/03\/1-768x768.jpg 768w\" sizes=\"auto, (max-width: 1000px) 100vw, 1000px\" \/><\/a><\/div>\n<div dir=\"auto\">C\u2019\u00e8 un aspetto ancora pi\u00f9 tragicomico sul cosiddetto riarmo europeo: non c\u2019entra un cazzo con l\u2019Europa.<\/div>\n<div dir=\"auto\">Non \u00e8 che non esista un piano per centralizzare sempre di pi\u00f9 il potere ed arrivare ad una sorta di federazione come \u201cgli stati uniti d\u2019europa\u201d con un unico esercito. Questo c\u2019\u00e8, purtroppo, eccome.<\/div>\n<div dir=\"auto\">Ma la situazione attuale \u00e8 ben diversa e il riarmo non c\u2019entra.<\/div>\n<div dir=\"auto\">\u00a0<\/div>\n<\/div>\n<div class=\"x11i5rnm xat24cr x1mh8g0r x1vvkbs xtlvy1s x126k92a\">\n<div dir=\"auto\">Adesso l\u2019Unione Europea \u00e8 composta da 27 stati con costituzioni diverse, politiche estere diverse, senza un coordinamento centralizzato e, soprattutto, con 27 eserciti diversi, i quali hanno tecnologie, armamenti, addestramenti diversi. Quindi non c\u2019\u00e8 un esercito europeo e non ci sono nemmeno gli ingredienti base per farlo.<\/div>\n<div dir=\"auto\">\u00a0<\/div>\n<\/div>\n<div class=\"x11i5rnm xat24cr x1mh8g0r x1vvkbs xtlvy1s x126k92a\">\n<div dir=\"auto\">Non solo, questi 800 miliardi non sono soldi che verranno tirati fuori subito da tutti i paesi in un fondo comune. Sono soldi che verranno spesi, nel corso di molti anni, da ogni singolo paese, secondo la volont\u00e0 di ogni singolo paese, per acquistare quello che vuole ogni singolo paese per il proprio esercito ed impiegarlo come crede.<\/div>\n<div dir=\"auto\">Immaginate che deterrenza possa rappresentare per una potenza come la Russia che possiede, adesso, 6 mila testate atomiche e il secondo esercito pi\u00f9 grande al mondo.<\/div>\n<div dir=\"auto\">\u00a0<\/div>\n<\/div>\n<div class=\"x11i5rnm xat24cr x1mh8g0r x1vvkbs xtlvy1s x126k92a\">\n<div dir=\"auto\">In soldoni quindi \u00e8 molto peggio di quello che sembra.<\/div>\n<div dir=\"auto\">Riarmare l\u2019Europa per difendere la \u201cnostra\u201d casa dai cattivi come la Russia era gi\u00e0 una cosa ridicola, e la maggior parte della gente \u00e8 convinta si tratti di questo, cos\u00ec l\u2019hanno venduta i vari cosiddetti politici e cosiddetti intellettuali a favore del riarmo. E fa gi\u00e0 ridere cos\u00ec.<\/div>\n<div dir=\"auto\">Ma in realt\u00e0 \u00e8 peggio. Non c\u2019\u00e8 nessuna Europa che verr\u00e0 riarmata. Non c\u2019\u00e8 nessuna deterrenza del \u201ccattivo\u201d.<\/div>\n<div dir=\"auto\">\u00a0<\/div>\n<\/div>\n<div class=\"x11i5rnm xat24cr x1mh8g0r x1vvkbs xtlvy1s x126k92a\">\n<div dir=\"auto\">Semplicemente, ogni singolo paese potr\u00e0 spendere soldi in armi, arricchendone i fabbricanti, per aumentare il proprio arsenale. Punto. E tutto questo potr\u00e0 essere fatto senza vincoli di stabilit\u00e0 e di debito, cio\u00e8 gli stessi vincoli per i quali ci dicono da anni che \u00e8 impossibile investire nella sanit\u00e0 o altri servizi perch\u00e9 guai ad avere i conti in disordine!<\/div>\n<div dir=\"auto\">\u00a0<\/div>\n<\/div>\n<div class=\"x11i5rnm xat24cr x1mh8g0r x1vvkbs xtlvy1s x126k92a\">\n<div dir=\"auto\">Insomma, volevano solo commerciare in armi, ma gli serviva una favola per far s\u00ec che non vi facesse incazzare il palese fatto che si possono spendere soldi per un carro armato ma non per un ospedale. Il livello di rincoglionimento della massa \u00e8 tale che quella favola, chiamata riarmo europeo, non solo non vi fa incazzare, ma vi fa scendere in piazza con entusiasmo affinch\u00e9 acquistare un carro armato al posto di costruire un ospedale si faccia in vostro nome.<\/div>\n<\/div>\n<\/div>\n<\/div>\n<\/div>\n<\/div>\n<\/div>\n","protected":false},"excerpt":{"rendered":"<p>C\u2019\u00e8 un aspetto ancora pi\u00f9 tragicomico sul cosiddetto riarmo europeo: non c\u2019entra un cazzo con l\u2019Europa. Non \u00e8 che non esista un piano per centralizzare sempre di pi\u00f9 il potere ed arrivare ad una sorta di federazione come \u201cgli stati uniti d\u2019europa\u201d con un unico esercito. Questo c\u2019\u00e8, purtroppo, eccome. Ma la situazione attuale \u00e8 [&hellip;]<\/p>\n","protected":false},"author":1,"featured_media":2689,"comment_status":"closed","ping_status":"closed","sticky":false,"template":"","format":"standard","meta":{"footnotes":""},"categories":[2,8],"tags":[814,173,812,813],"class_list":["post-2688","post","type-post","status-publish","format-standard","has-post-thumbnail","hentry","category-attivismo-politca","category-sbuffamenti","tag-armi","tag-europa","tag-riarmo","tag-russia"],"views":421,"_links":{"self":[{"href":"https:\/\/www.masonmassyjames.it\/blog\/wp-json\/wp\/v2\/posts\/2688","targetHints":{"allow":["GET"]}}],"collection":[{"href":"https:\/\/www.masonmassyjames.it\/blog\/wp-json\/wp\/v2\/posts"}],"about":[{"href":"https:\/\/www.masonmassyjames.it\/blog\/wp-json\/wp\/v2\/types\/post"}],"author":[{"embeddable":true,"href":"https:\/\/www.masonmassyjames.it\/blog\/wp-json\/wp\/v2\/users\/1"}],"replies":[{"embeddable":true,"href":"https:\/\/www.masonmassyjames.it\/blog\/wp-json\/wp\/v2\/comments?post=2688"}],"version-history":[{"count":1,"href":"https:\/\/www.masonmassyjames.it\/blog\/wp-json\/wp\/v2\/posts\/2688\/revisions"}],"predecessor-version":[{"id":2690,"href":"https:\/\/www.masonmassyjames.it\/blog\/wp-json\/wp\/v2\/posts\/2688\/revisions\/2690"}],"wp:featuredmedia":[{"embeddable":true,"href":"https:\/\/www.masonmassyjames.it\/blog\/wp-json\/wp\/v2\/media\/2689"}],"wp:attachment":[{"href":"https:\/\/www.masonmassyjames.it\/blog\/wp-json\/wp\/v2\/media?parent=2688"}],"wp:term":[{"taxonomy":"category","embeddable":true,"href":"https:\/\/www.masonmassyjames.it\/blog\/wp-json\/wp\/v2\/categories?post=2688"},{"taxonomy":"post_tag","embeddable":true,"href":"https:\/\/www.masonmassyjames.it\/blog\/wp-json\/wp\/v2\/tags?post=2688"}],"curies":[{"name":"wp","href":"https:\/\/api.w.org\/{rel}","templated":true}]}}