{"id":526,"date":"2013-02-26T15:58:56","date_gmt":"2013-02-26T14:58:56","guid":{"rendered":"http:\/\/hopelessnight.wordpress.com\/?p=526"},"modified":"2016-01-30T12:58:03","modified_gmt":"2016-01-30T11:58:03","slug":"italia-il-male-oscuro","status":"publish","type":"post","link":"https:\/\/www.masonmassyjames.it\/blog\/italia-il-male-oscuro\/","title":{"rendered":"Italia: il male oscuro"},"content":{"rendered":"<p>Il mondo \u00e8 fatto di scacchiere. L&#8217;uomo comune \u00e8 il pedone dell&#8217;ultima scacchiera, quella pi\u00f9 in basso, posizione dalla quale spesso non vede nessun&#8217;altra scacchiera.<\/p>\n<hr \/>\n<p><em><strong>tratto da &#8220;i professionisti del potere&#8221; di Elio Rossi<\/strong><\/em><\/p>\n<p>La permanenza del gruppo al potere, \u00e8 la causa principale del male oscuro che affligge il paese. Chi non \u00e8 figlio, amico o parente di un membro del gruppo subisce ogni giorno le conseguenze negative del cattivo funzionamento del sistema, e per quanto motivato affida al voto ogni speranza di cambiamento. Non c\u2019\u00e8 italiano, a prescindere dalla convinzione politica, che non caccerebbe a pedate i responsabili del dissesto, se solo ne avesse la possibilit\u00e0. Non c\u2019\u00e8 italiano che non vorrebbe poterne individuare i responsabili e punirli alle elezioni. I potenti hanno trasformato questa sete di cambiamento degli elettori in un\u2019arma nelle loro mani. Per offrire un bersaglio al malcontento e nello stesso tempo continuare a intercettare il voto popolare, i professionisti del potere si sono divisi in fazioni che si scambiano accuse reciproche sulle cause del cattivo funzionamento del sistema. In questo modo il gruppo evita la dispersione del voto e garantisce ai propri membri la sopravvivenza, alimentando ogni giorno il rimpallo di responsabilit\u00e0 in televisione per dividere gli elettori in due o tre grandi fazioni, ognuna convinta che tutti i mali siano causati dall\u2019avversario. Mi sono sempre divertito a guardarli prima di andare in onda, questi nemici per professione: mi chiedo quali siano i loro pensieri in camerino, mentre chiacchierano amabilmente tra loro\u2026<\/p>\n<div>\u00a0<\/div>\n<div><b>I telespettatori si dividono e si arrabbiano con una parte o con l\u2019altra, e a\u00a0 nessuno viene in mente di cacciare via l\u2019intero gruppo&#8230; <\/b>Grazie a questa dinamica il voto popolare non \u00e8 mai contro il sistema ma \u00e8 sempre organico a esso. Per ottenere questo risultato, ogni giorno, il gruppo mette in scena una rissa al proprio interno e polarizza il consenso dell\u2019elettorato. I toni della lite diventano sempre pi\u00f9 offensivi e volgari, gli insulti pi\u00f9 minacciosi, i contenu<b>ti <\/b>oltraggiosi, affinch\u00e9 \u00a0gli elettori si confondano in un crescendo di indignazione e perdano di vista il quadro di insieme. Pi\u00f9 lo scontro \u00e8 violento e pi\u00f9 gli elettori s\u2019illudono che il loro voto sia decisivo per le sorti del sistema, mentre in realt\u00e0 accade l\u2019esatto contrario: il gruppo egemone blinda il sistema e impedisce la nascita di qualsiasi movimento politico che provenga dal basso, cio\u00e8 dal popolo. Naturalmente &#8230; tra un turno elettorale e l\u2019altro il gruppo torna a occuparsi di quel che gli sta pi\u00f9 a cuore. Esso infatti \u00e8 formato da commensali affamati pronti a darsi battaglia quando il nemico comune non \u00e8 alle porte e quindi percorso da frequenti lotte intestine di varia intensit\u00e0, perch\u00e9 ogni potente tenta di accaparrarsi nuove fette di ricchezza e di potere sottraendole ad altri.\u00a0<\/div>\n<div>\u00a0<\/div>\n<div>Se solamente si sollevasse la cortina fumogena formata da questo scontro alimentato ad arte, la realt\u00e0 sarebbe sotto gli occhi di tutti. E sarebbe evidente il fatto che <b>l\u2019intero gruppo dei potenti \u00e8 il principale responsabile del declino politico ed economico dell\u2019Italia. <\/b>A quel punto sarebbe cacciato via a furor di popolo perch\u00e9 le sue responsabilit\u00e0 sarebbero evidenti a tutti. E invece il ricambio ai vertici del potere non avviene, perch\u00e9 il sistema assegna un vantaggio smisurato a chi ha l\u2019egemonia e costringe gli ultimi arrivati a rimanere in sala d\u2019aspetto, in attesa di essere cooptati dal gruppo dei potenti. <b>La classe dirigente \u00e8 dunque selezionata dall\u2019alto, mentre dal basso \u00e8 soltanto legittimata <\/b>\u2026\u00a0<\/div>\n<div>\u00a0<\/div>\n<div><b>L\u2019unica soluzione consiste nello spazzare via l\u2019intero gruppo di potere e cambiare le regole.<\/b> Ma per poter raggiungere questo risultato, gli elettori non dovrebbero farsi pi\u00f9 ingannare dalle liti orchestrate da finte fazioni in lotta tra loro e, dovrebbero invece voltare le spalle a chi comanda. Dovrebbero trovare la forza di smascherare il gioco dei professionisti del potere compiendo <b>una rivoluzione delle menti<\/b>. E invece non accade nulla, perch\u00e9 gli elettori sono all\u2019oscuro di quel che avviene dietro le quinte, sulla scena del potere.<\/div>\n<div>\u00a0<\/div>\n<div>\n<p><iframe loading=\"lazy\" title=\"Chiarelettere: &quot;I professionisti del potere&quot; di Elio Rossi\" width=\"500\" height=\"281\" src=\"https:\/\/www.youtube.com\/embed\/2tAw9_G4bpg?feature=oembed\" frameborder=\"0\" allow=\"accelerometer; autoplay; clipboard-write; encrypted-media; gyroscope; picture-in-picture; web-share\" referrerpolicy=\"strict-origin-when-cross-origin\" allowfullscreen><\/iframe><\/p>\n<\/div>\n","protected":false},"excerpt":{"rendered":"<p>Il mondo \u00e8 fatto di scacchiere. L&#8217;uomo comune \u00e8 il pedone dell&#8217;ultima scacchiera, quella pi\u00f9 in basso, posizione dalla quale spesso non vede nessun&#8217;altra scacchiera. tratto da &#8220;i professionisti del potere&#8221; di Elio Rossi La permanenza del gruppo al potere, \u00e8 la causa principale del male oscuro che affligge il paese. Chi non \u00e8 figlio, [&hellip;]<\/p>\n","protected":false},"author":1,"featured_media":1752,"comment_status":"closed","ping_status":"open","sticky":false,"template":"","format":"standard","meta":{"footnotes":""},"categories":[2],"tags":[60,74,97,134,135],"class_list":["post-526","post","type-post","status-publish","format-standard","has-post-thumbnail","hentry","category-attivismo-politca","tag-elio-rossi","tag-italia","tag-nwo","tag-votazioni","tag-voto"],"views":1831,"_links":{"self":[{"href":"https:\/\/www.masonmassyjames.it\/blog\/wp-json\/wp\/v2\/posts\/526","targetHints":{"allow":["GET"]}}],"collection":[{"href":"https:\/\/www.masonmassyjames.it\/blog\/wp-json\/wp\/v2\/posts"}],"about":[{"href":"https:\/\/www.masonmassyjames.it\/blog\/wp-json\/wp\/v2\/types\/post"}],"author":[{"embeddable":true,"href":"https:\/\/www.masonmassyjames.it\/blog\/wp-json\/wp\/v2\/users\/1"}],"replies":[{"embeddable":true,"href":"https:\/\/www.masonmassyjames.it\/blog\/wp-json\/wp\/v2\/comments?post=526"}],"version-history":[{"count":3,"href":"https:\/\/www.masonmassyjames.it\/blog\/wp-json\/wp\/v2\/posts\/526\/revisions"}],"predecessor-version":[{"id":1753,"href":"https:\/\/www.masonmassyjames.it\/blog\/wp-json\/wp\/v2\/posts\/526\/revisions\/1753"}],"wp:featuredmedia":[{"embeddable":true,"href":"https:\/\/www.masonmassyjames.it\/blog\/wp-json\/wp\/v2\/media\/1752"}],"wp:attachment":[{"href":"https:\/\/www.masonmassyjames.it\/blog\/wp-json\/wp\/v2\/media?parent=526"}],"wp:term":[{"taxonomy":"category","embeddable":true,"href":"https:\/\/www.masonmassyjames.it\/blog\/wp-json\/wp\/v2\/categories?post=526"},{"taxonomy":"post_tag","embeddable":true,"href":"https:\/\/www.masonmassyjames.it\/blog\/wp-json\/wp\/v2\/tags?post=526"}],"curies":[{"name":"wp","href":"https:\/\/api.w.org\/{rel}","templated":true}]}}