{"id":929,"date":"2015-02-12T23:56:34","date_gmt":"2015-02-12T22:56:34","guid":{"rendered":"http:\/\/www.masonmassyjames.it\/blog\/?p=929"},"modified":"2015-03-06T14:46:57","modified_gmt":"2015-03-06T13:46:57","slug":"la-religione-e-i-terroristi","status":"publish","type":"post","link":"https:\/\/www.masonmassyjames.it\/blog\/la-religione-e-i-terroristi\/","title":{"rendered":"La religione e i terroristi"},"content":{"rendered":"<p><a href=\"http:\/\/www.masonmassyjames.it\/blog\/wp-content\/uploads\/2015\/02\/france-650_010915015044.jpg\"><img loading=\"lazy\" decoding=\"async\" class=\" size-medium wp-image-931 alignright\" src=\"http:\/\/www.masonmassyjames.it\/blog\/wp-content\/uploads\/2015\/02\/france-650_010915015044-300x207.jpg\" alt=\"france-650_010915015044\" width=\"300\" height=\"207\" srcset=\"https:\/\/www.masonmassyjames.it\/blog\/wp-content\/uploads\/2015\/02\/france-650_010915015044-300x207.jpg 300w, https:\/\/www.masonmassyjames.it\/blog\/wp-content\/uploads\/2015\/02\/france-650_010915015044-355x245.jpg 355w, https:\/\/www.masonmassyjames.it\/blog\/wp-content\/uploads\/2015\/02\/france-650_010915015044.jpg 650w\" sizes=\"auto, (max-width: 300px) 100vw, 300px\" \/><\/a>Mi fanno impazzire quelli che \u201cil terrorismo \u00e8 solo dei musulmani\u201d\u2026<br \/> Non sono certo qui a difendere l\u2019Islam. Per quanto mi riguarda la violenza, in generale, <strong>\u00e8 frutto dell\u2019intolleranza<\/strong> e, nonostante le piccole (e rare) eccezioni che si trovano qua e la nei testi e nelle parole dei profeti delle varie fedi, inneggianti alla coesistenza e fratellanza, <strong>tutte le religioni dogmatiche sono intrinsecamente intolleranti<\/strong> poich\u00e9 ognuna fonda le sue basi sul declamarsi portatrice dell\u2019unica verit\u00e0 assoluta, che necessariamente si basa a sua volta sulla negazione incondizionata di tutte le altre. <strong>Un assolutismo ideologico non negoziabile<\/strong>, non prescindibile. Non credo possa esistere una forma di intolleranza pi\u00f9 definitiva e onnicomprensiva di questa.<br \/> La tolleranza e la convivenza tra diverse religioni \u00e8 di per s\u00e9 <strong>un ossimoro<\/strong>, possibile solo grazie al fatto che, fortunatamente, nel vivere quotidiano si palesa inevitabilmente la dicotomia religione-societ\u00e0 civile e, nello scontro tra queste, la societ\u00e0 civile ha di solito la meglio con la conseguenza che i precetti religiosi si edulcorano, si affievoliscono (se non addirittura si dimenticano)rendendo possibile la convivenza. Quando questo non succede si ha appunto intolleranza, violenza e terrorismo.<\/p>\n<p><a href=\"http:\/\/www.masonmassyjames.it\/blog\/wp-content\/uploads\/2015\/02\/mattep.jpg\"><img loading=\"lazy\" decoding=\"async\" class=\"alignleft wp-image-932 size-medium\" src=\"http:\/\/www.masonmassyjames.it\/blog\/wp-content\/uploads\/2015\/02\/mattep-300x74.jpg\" alt=\"mattep\" width=\"300\" height=\"74\" srcset=\"https:\/\/www.masonmassyjames.it\/blog\/wp-content\/uploads\/2015\/02\/mattep-300x74.jpg 300w, https:\/\/www.masonmassyjames.it\/blog\/wp-content\/uploads\/2015\/02\/mattep-1024x253.jpg 1024w, https:\/\/www.masonmassyjames.it\/blog\/wp-content\/uploads\/2015\/02\/mattep-800x198.jpg 800w, https:\/\/www.masonmassyjames.it\/blog\/wp-content\/uploads\/2015\/02\/mattep-400x99.jpg 400w, https:\/\/www.masonmassyjames.it\/blog\/wp-content\/uploads\/2015\/02\/mattep.jpg 1084w\" sizes=\"auto, (max-width: 300px) 100vw, 300px\" \/><\/a>Finita questa premessa, la frase \u201cil terrorismo \u00e8 solo dei musulmani\u201d non solo mostra il comodo digiuno storico\/culturale sul <strong>terrorismo cristiano e di altre fedi <\/strong>(si veda ad esempio\u00a0<a title=\"Il Terrorismo Cristiano nel mondo e genocidi cristiani\" href=\"http:\/\/goo.gl\/aiAv8w\" target=\"_blank\">http:\/\/goo.gl\/aiAv8w<\/a>), ma mostra anche una <strong>falla logica<\/strong> colossale.<br \/> Ovviamente gli atti di violenza che vengono perpetrati in nome della \u201cnostra\u201d religione, quando ammessi, sono archiviati come esclusive azioni di frange distinte e insignificanti che <strong>non rappresentano la religione in s\u00e9<\/strong>. Mentre avviene l\u2019esatto contrario per le altre religioni: qualsiasi atto di violenza in nome di un dio che non sia \u201cil nostro\u201d, viene fatto passare come <strong>rappresentate della mentalit\u00e0 di tutti i fedeli di quella religione<\/strong>.<br \/><a href=\"http:\/\/www.masonmassyjames.it\/blog\/wp-content\/uploads\/2015\/02\/oslo03.jpg\"><img loading=\"lazy\" decoding=\"async\" class=\"alignright wp-image-936 size-medium\" src=\"http:\/\/www.masonmassyjames.it\/blog\/wp-content\/uploads\/2015\/02\/oslo03-250x300.jpg\" alt=\"oslo03\" width=\"250\" height=\"300\" srcset=\"https:\/\/www.masonmassyjames.it\/blog\/wp-content\/uploads\/2015\/02\/oslo03-250x300.jpg 250w, https:\/\/www.masonmassyjames.it\/blog\/wp-content\/uploads\/2015\/02\/oslo03-408x490.jpg 408w, https:\/\/www.masonmassyjames.it\/blog\/wp-content\/uploads\/2015\/02\/oslo03-204x245.jpg 204w, https:\/\/www.masonmassyjames.it\/blog\/wp-content\/uploads\/2015\/02\/oslo03.jpg 495w\" sizes=\"auto, (max-width: 250px) 100vw, 250px\" \/><\/a>Qui per\u00f2 si va oltre la religione, la questione diventa logica: \u00e8 un po\u2019 come quelli che dicono \u201c<em>ah non capisco perch\u00e9 i neri scendono in piazza per mostrare il loro orgoglio di essere tali, io mica faccio questa manfrina perch\u00e9 sono bianco<\/em>\u201d, ignorando completamente le motivazioni storiche e sociali implicate e, logicamente parlando, la frase ha lo stesso valore della seguente: \u201c<em>non capisco i disoccupati che manifestano in piazza, io il lavoro ce l\u2019ho e non faccio mica tutto \u2018sto casino<\/em>\u201d.<br \/>Posto che ogni forma di violenza <strong>va condannata<\/strong>, \u00e8 ovvio che chi subisce \u00e8 pi\u00f9 portato a formare resistenze, anche violente, alla sua sottomissione. Chi comanda <strong>non ha ovviamente alcuno stimolo<\/strong> in questo senso perch\u00e9 gi\u00e0 detiene il potere che gli serve e se diamo una rapida occhiata alla situazione geopolitica attuale, si vede bene chi \u201cterrorizza\u201d e perch\u00e9. La religione c\u2019entra ben poco! <strong>Quindi le ragioni di un possibile proliferare di atti violenti in alcuni territori, andrebbero analizzati sotto una lente ben diversa e sicuramente pi\u00f9 autocritica<\/strong>.<\/p>\n<p><a href=\"http:\/\/www.masonmassyjames.it\/blog\/wp-content\/uploads\/2015\/02\/iraq-war.jpg\"><img loading=\"lazy\" decoding=\"async\" class=\"alignleft wp-image-937 size-medium\" src=\"http:\/\/www.masonmassyjames.it\/blog\/wp-content\/uploads\/2015\/02\/iraq-war-300x169.jpg\" alt=\"iraq-war\" width=\"300\" height=\"169\" srcset=\"https:\/\/www.masonmassyjames.it\/blog\/wp-content\/uploads\/2015\/02\/iraq-war-300x169.jpg 300w, https:\/\/www.masonmassyjames.it\/blog\/wp-content\/uploads\/2015\/02\/iraq-war-400x225.jpg 400w, https:\/\/www.masonmassyjames.it\/blog\/wp-content\/uploads\/2015\/02\/iraq-war.jpg 650w\" sizes=\"auto, (max-width: 300px) 100vw, 300px\" \/><\/a>Ignorare tutto questo potrebbe sembrare il risultato di una <strong>mancanza culturale<\/strong>, ed in parte \u00e8 sicuramente vero, ma questa <strong>potrebbe essere riempita e resa ininfluente<\/strong> se il vero problema non risiedesse in realt\u00e0 nella totale mancanza di <strong>empatia<\/strong>, incapacit\u00e0 di capire (capire, non necessariamente condividere) le motivazioni altrui generate da una situazione socio\/culturale completamente diversa da quella in cui siamo abituati a vivere. <br \/>Sommando a questo l\u2019incapacit\u00e0 di mettersi in discussione e il bisogno di identificare nell&#8217;altro il pericolo, il nemico, abbiamo <strong>il mix perfetto<\/strong> per la creazione di un terreno fertile alla manipolazione sociale e la concretizzazione del famoso <strong>Divide Et Impera<\/strong>. <br \/> <a href=\"http:\/\/www.masonmassyjames.it\/blog\/wp-content\/uploads\/2015\/02\/terrorismosmall.jpg\"><img loading=\"lazy\" decoding=\"async\" class=\"alignright wp-image-933 size-medium\" src=\"http:\/\/www.masonmassyjames.it\/blog\/wp-content\/uploads\/2015\/02\/terrorismosmall-300x283.jpg\" alt=\"terrorismosmall\" width=\"300\" height=\"283\" srcset=\"https:\/\/www.masonmassyjames.it\/blog\/wp-content\/uploads\/2015\/02\/terrorismosmall-300x283.jpg 300w, https:\/\/www.masonmassyjames.it\/blog\/wp-content\/uploads\/2015\/02\/terrorismosmall-1024x965.jpg 1024w, https:\/\/www.masonmassyjames.it\/blog\/wp-content\/uploads\/2015\/02\/terrorismosmall-520x490.jpg 520w, https:\/\/www.masonmassyjames.it\/blog\/wp-content\/uploads\/2015\/02\/terrorismosmall-260x245.jpg 260w, https:\/\/www.masonmassyjames.it\/blog\/wp-content\/uploads\/2015\/02\/terrorismosmall.jpg 1739w\" sizes=\"auto, (max-width: 300px) 100vw, 300px\" \/><\/a>Senza contare il proficuo <strong>sfruttare attentati<\/strong> per giustificare guerre da parte di chi, dalle guerre, ci guadagna da sempre e per ci\u00f2 indagare seriamente su <strong>chi effettivamente armi la mano del terrorista di turno<\/strong>, dovremmo anche e soprattutto sforzarci di andare al di l\u00e0 delle etichette che i potenti ci offrono, <strong>indagare profondamente su noi stessi\u00a0<\/strong> e sulle culture diverse dalla nostra, cos\u2019hanno subito nei secoli, quali sono le implicazioni, cosa faremmo al posto loro, che considerazione avremmo di noi stessi nei loro panni\u2026 <br \/> <strong>L\u2019empatia sarebbe il ponte per qualsiasi vera operazione di pace e sarebbe la perfetta arma di costruzione di massa di cui abbiamo bisogno.<\/strong><\/p>\n","protected":false},"excerpt":{"rendered":"<p>Mi fanno impazzire quelli che \u201cil terrorismo \u00e8 solo dei musulmani\u201d\u2026 Non sono certo qui a difendere l\u2019Islam. Per quanto mi riguarda la violenza, in generale, \u00e8 frutto dell\u2019intolleranza e, nonostante le piccole (e rare) eccezioni che si trovano qua e la nei testi e nelle parole dei profeti delle varie fedi, inneggianti alla coesistenza [&hellip;]<\/p>\n","protected":false},"author":1,"featured_media":933,"comment_status":"closed","ping_status":"open","sticky":false,"template":"","format":"standard","meta":{"footnotes":""},"categories":[2],"tags":[170,172,171,122],"class_list":["post-929","post","type-post","status-publish","format-standard","has-post-thumbnail","hentry","category-attivismo-politca","tag-empatia","tag-islam","tag-religione","tag-terrorismo"],"views":4003,"_links":{"self":[{"href":"https:\/\/www.masonmassyjames.it\/blog\/wp-json\/wp\/v2\/posts\/929","targetHints":{"allow":["GET"]}}],"collection":[{"href":"https:\/\/www.masonmassyjames.it\/blog\/wp-json\/wp\/v2\/posts"}],"about":[{"href":"https:\/\/www.masonmassyjames.it\/blog\/wp-json\/wp\/v2\/types\/post"}],"author":[{"embeddable":true,"href":"https:\/\/www.masonmassyjames.it\/blog\/wp-json\/wp\/v2\/users\/1"}],"replies":[{"embeddable":true,"href":"https:\/\/www.masonmassyjames.it\/blog\/wp-json\/wp\/v2\/comments?post=929"}],"version-history":[{"count":9,"href":"https:\/\/www.masonmassyjames.it\/blog\/wp-json\/wp\/v2\/posts\/929\/revisions"}],"predecessor-version":[{"id":943,"href":"https:\/\/www.masonmassyjames.it\/blog\/wp-json\/wp\/v2\/posts\/929\/revisions\/943"}],"wp:featuredmedia":[{"embeddable":true,"href":"https:\/\/www.masonmassyjames.it\/blog\/wp-json\/wp\/v2\/media\/933"}],"wp:attachment":[{"href":"https:\/\/www.masonmassyjames.it\/blog\/wp-json\/wp\/v2\/media?parent=929"}],"wp:term":[{"taxonomy":"category","embeddable":true,"href":"https:\/\/www.masonmassyjames.it\/blog\/wp-json\/wp\/v2\/categories?post=929"},{"taxonomy":"post_tag","embeddable":true,"href":"https:\/\/www.masonmassyjames.it\/blog\/wp-json\/wp\/v2\/tags?post=929"}],"curies":[{"name":"wp","href":"https:\/\/api.w.org\/{rel}","templated":true}]}}